{"id":1757,"date":"2014-08-29T11:37:19","date_gmt":"2014-08-29T09:37:19","guid":{"rendered":"http:\/\/www.meier-gerdingh.de\/spd-oberhausen\/wp\/?p=1757"},"modified":"2017-01-03T16:37:23","modified_gmt":"2017-01-03T15:37:23","slug":"spd-initiative-fuer-arbeitsplaetze-und-gegen-sozialdumping","status":"publish","type":"post","link":"https:\/\/meier-gerdingh.de\/wp-spd-ob\/2014\/08\/29\/spd-initiative-fuer-arbeitsplaetze-und-gegen-sozialdumping\/","title":{"rendered":"SPD-Initiative f\u00fcr Arbeitspl\u00e4tze und gegen Sozialdumping"},"content":{"rendered":"<div class=\"wp-caption alignleft\" style=\"width: 174px;\"><a href=\"http:\/\/meier-gerdingh.de\/wp-spd-ob\/wp-content\/uploads\/logo_spd_oberhausen.png\"><img decoding=\"async\" class=\"alignleft size-full wp-image-1519\" src=\"http:\/\/meier-gerdingh.de\/wp-spd-ob\/wp-content\/uploads\/logo_spd_oberhausen.png\" alt=\"logo_spd_oberhausen\" width=\"174\" height=\"174\" srcset=\"https:\/\/meier-gerdingh.de\/wp-spd-ob\/wp-content\/uploads\/logo_spd_oberhausen.png 174w, https:\/\/meier-gerdingh.de\/wp-spd-ob\/wp-content\/uploads\/logo_spd_oberhausen-150x150.png 150w\" sizes=\"(max-width: 174px) 100vw, 174px\" \/><\/a><\/div>\n<p>Die \u00f6rtliche SPD hat im Gespr\u00e4ch mit den Betriebsr\u00e4ten von ehemalig M\u00f6bel R\u00fcck die sozialen Konsequenzen f\u00fcr die Arbeitnehmer nach der \u00dcbernahme durch XXXL Lutz diskutiert. Dabei wurde deutlich, dass offenbar viele Besch\u00e4ftigte sich um ihre Arbeitspl\u00e4tze sorgen und sich durch m\u00f6glichen Sozialabbau bedroht f\u00fchlen. Sie f\u00fcrchten sich vor Lohnabbau, Arbeitszeitverl\u00e4ngerung und Verzicht auf Urlaubstage.<!--more--><\/p>\n<p>Insgesamt 320 Mitarbeiterinnen und Mitarbeiter sind derzeit an den zwei Standorten in Buschhausen und im Schladviertel besch\u00e4ftigt und von der \u00dcbernahme betroffen. Die g\u00fcltige Sozialpartnerschaft zwischen den alten Eigent\u00fcmern und der Belegschaft scheint aufgek\u00fcndigt zu werden. Die in anderen Bereichen allgemein verbindlichen tarifvertraglichen Errungenschaften sehen sie hier gef\u00e4hrdet. Deshalb ist der Ruf nach Allgemeinverbindlichkeit solcher Vertr\u00e4ge f\u00fcr die M\u00f6belbranche lauter denn je.<\/p>\n<p>Mit der Sachlage konfrontiert reagierte der NRW-Arbeitsminister Guntram Schneider spontan und sicherte eine gemeinsame Konferenz in Oberhausen zu. Dabei soll die Gesamtlage der M\u00f6belbranche in den Blick genommen werden, da die SPD einen Fl\u00e4chenbrand von Sozialdumping f\u00fcrchtet. Das Thema muss auf die politische Tagesordnung in Berlin. Auf dieser Konferenz soll auch der Betriebsrat-Arbeitskreis der Oberhausener SPD, momentan unter der Federf\u00fchrung des MAN-Betriebsratsvorsitzenden Helmut Brodrick, aktiv werden.<\/p>\n","protected":false},"excerpt":{"rendered":"<p>Die \u00f6rtliche SPD hat im Gespr\u00e4ch mit den Betriebsr\u00e4ten von ehemalig M\u00f6bel R\u00fcck die sozialen Konsequenzen f\u00fcr die Arbeitnehmer nach der \u00dcbernahme durch XXXL Lutz diskutiert. Dabei wurde deutlich, dass&hellip; <\/p>\n","protected":false},"author":1,"featured_media":0,"comment_status":"closed","ping_status":"closed","sticky":false,"template":"","format":"standard","meta":{"footnotes":""},"categories":[174],"tags":[34,33,35,36],"quellen":[327],"class_list":["post-1757","post","type-post","status-publish","format-standard","hentry","category-arbeit-und-soziales","tag-arbeitsplaetze","tag-rueck","tag-sozialdumping","tag-xxxl","quellen-spd-unterbezirk-oberhausen"],"_links":{"self":[{"href":"https:\/\/meier-gerdingh.de\/wp-spd-ob\/wp-json\/wp\/v2\/posts\/1757","targetHints":{"allow":["GET"]}}],"collection":[{"href":"https:\/\/meier-gerdingh.de\/wp-spd-ob\/wp-json\/wp\/v2\/posts"}],"about":[{"href":"https:\/\/meier-gerdingh.de\/wp-spd-ob\/wp-json\/wp\/v2\/types\/post"}],"author":[{"embeddable":true,"href":"https:\/\/meier-gerdingh.de\/wp-spd-ob\/wp-json\/wp\/v2\/users\/1"}],"replies":[{"embeddable":true,"href":"https:\/\/meier-gerdingh.de\/wp-spd-ob\/wp-json\/wp\/v2\/comments?post=1757"}],"version-history":[{"count":0,"href":"https:\/\/meier-gerdingh.de\/wp-spd-ob\/wp-json\/wp\/v2\/posts\/1757\/revisions"}],"wp:attachment":[{"href":"https:\/\/meier-gerdingh.de\/wp-spd-ob\/wp-json\/wp\/v2\/media?parent=1757"}],"wp:term":[{"taxonomy":"category","embeddable":true,"href":"https:\/\/meier-gerdingh.de\/wp-spd-ob\/wp-json\/wp\/v2\/categories?post=1757"},{"taxonomy":"post_tag","embeddable":true,"href":"https:\/\/meier-gerdingh.de\/wp-spd-ob\/wp-json\/wp\/v2\/tags?post=1757"},{"taxonomy":"quellen","embeddable":true,"href":"https:\/\/meier-gerdingh.de\/wp-spd-ob\/wp-json\/wp\/v2\/quellen?post=1757"}],"curies":[{"name":"wp","href":"https:\/\/api.w.org\/{rel}","templated":true}]}}