{"id":1760,"date":"2014-09-11T11:41:39","date_gmt":"2014-09-11T09:41:39","guid":{"rendered":"http:\/\/www.meier-gerdingh.de\/spd-oberhausen\/wp\/?p=1760"},"modified":"2017-01-03T16:36:38","modified_gmt":"2017-01-03T15:36:38","slug":"fussgaenger-sind-in-oberhausen-sicher-unterwegs","status":"publish","type":"post","link":"https:\/\/meier-gerdingh.de\/wp-spd-ob\/2014\/09\/11\/fussgaenger-sind-in-oberhausen-sicher-unterwegs\/","title":{"rendered":"Fu\u00dfg\u00e4nger sind in Oberhausen sicher unterwegs"},"content":{"rendered":"<div id=\"attachment_1359\" style=\"width: 150px\" class=\"wp-caption alignleft\"><a href=\"http:\/\/meier-gerdingh.de\/wp-spd-ob\/wp-content\/uploads\/flore_manfred_14.jpg\"><img aria-describedby=\"caption-attachment-1359\" decoding=\"async\" class=\"size-full wp-image-1359\" src=\"http:\/\/meier-gerdingh.de\/wp-spd-ob\/wp-content\/uploads\/flore_manfred_14.jpg\" alt=\"Manfred Flore ist umwelt- und kulturpolitischer Sprecher der SPD-Fraktion\" width=\"140\" height=\"169\" \/><\/a><p id=\"caption-attachment-1359\" class=\"wp-caption-text\">Manfred Flore ist umwelt- und kulturpolitischer Sprecher der SPD-Fraktion<\/p><\/div>\n<p>&#8222;Oberhausen schneidet bei der Sicherheit von Fu\u00dfg\u00e4ngern als Verkehrsteilnehmern im Vergleich zu anderen Gro\u00dfst\u00e4dten besser als der Durchschnitt ab&#8220;, sagt Manfred Flore, SPD-Stadtverordneter, zu den Ergebnissen einer aktuellen Studie des Verkehrsclubs Deutschland (VCD). &#8222;Die Sicherheit von Fu\u00dfg\u00e4ngern hat sich zunehmend verbessert. Hier gab es erfreulicherweise eine positive Entwicklung in den letzten Jahren, so dass der VCD die Stadt Oberhausen anhand einer Ampel-Kategorisierung mit &#8222;gr\u00fcn&#8220; einstuft.<!--more--><\/p>\n<p>W\u00e4hrend in mehr als der H\u00e4lfte der untersuchten St\u00e4dte die Unf\u00e4lle im Fu\u00dfverkehr in den letzten f\u00fcnf Jahren eher zugenommen haben, gibt es bei uns weniger Verungl\u00fcckte&#8220;, so Flore.<\/p>\n<p>Manfred Flore k\u00fcndigt an, dass sich die Politik weiter mit der Verkehrssicherheit aller am Stra\u00dfenverkehr Beteiligter besch\u00e4ftigen wird:<\/p>\n<p>&#8222;Mir macht Sorge, dass bei den Fu\u00dfg\u00e4ngern nach wie vor die Gefahr, bei einem Unfall schwer oder sogar t\u00f6dlich verletzt zu werden, relativ hoch ist.&#8220; Dies sei vor allem im Zusammenhang mit Geschwindigkeits\u00fcberschreitungen von Autofahrern zu sehen. &#8222;Deshalb werden wir M\u00f6glichkeiten diskutieren, wie wir an Gefahrenpunkten durch geeignete Ma\u00dfnahmen dazu beitragen, dass Tempo-Limits eingehalten und die Verkehrssicherheit weiter verbessert wird&#8220;, so Flore.<\/p>\n<p>In dem ver\u00f6ffentlichten St\u00e4dtecheck des VCD wurde der Frage nachgegangen, inwieweit es Unf\u00e4lle mit Fu\u00dfg\u00e4ngerinnen und Fu\u00dfg\u00e4nger in den getesteten 80 St\u00e4dten gemessen am Anteil der zur\u00fcckgelegten Fu\u00dfwege gibt. Analysiert wurden alle deutschen Gro\u00dfst\u00e4dte mit \u00fcber 100.000 Einwohnern im F\u00fcnf-Jahreszeitraum zwischen 2009 und 2013.<\/p>\n","protected":false},"excerpt":{"rendered":"<p>&#8222;Oberhausen schneidet bei der Sicherheit von Fu\u00dfg\u00e4ngern als Verkehrsteilnehmern im Vergleich zu anderen Gro\u00dfst\u00e4dten besser als der Durchschnitt ab&#8220;, sagt Manfred Flore, SPD-Stadtverordneter, zu den Ergebnissen einer aktuellen Studie des&hellip; <\/p>\n","protected":false},"author":1,"featured_media":0,"comment_status":"closed","ping_status":"closed","sticky":false,"template":"","format":"standard","meta":{"footnotes":""},"categories":[27],"tags":[176,28,175,177,340],"quellen":[326],"class_list":["post-1760","post","type-post","status-publish","format-standard","hentry","category-planen-bauen-wohnen-verkehr","tag-bauen","tag-fussgaenger","tag-planen","tag-verkehr","tag-wohnen","quellen-spd-fraktion-oberhausen"],"_links":{"self":[{"href":"https:\/\/meier-gerdingh.de\/wp-spd-ob\/wp-json\/wp\/v2\/posts\/1760","targetHints":{"allow":["GET"]}}],"collection":[{"href":"https:\/\/meier-gerdingh.de\/wp-spd-ob\/wp-json\/wp\/v2\/posts"}],"about":[{"href":"https:\/\/meier-gerdingh.de\/wp-spd-ob\/wp-json\/wp\/v2\/types\/post"}],"author":[{"embeddable":true,"href":"https:\/\/meier-gerdingh.de\/wp-spd-ob\/wp-json\/wp\/v2\/users\/1"}],"replies":[{"embeddable":true,"href":"https:\/\/meier-gerdingh.de\/wp-spd-ob\/wp-json\/wp\/v2\/comments?post=1760"}],"version-history":[{"count":0,"href":"https:\/\/meier-gerdingh.de\/wp-spd-ob\/wp-json\/wp\/v2\/posts\/1760\/revisions"}],"wp:attachment":[{"href":"https:\/\/meier-gerdingh.de\/wp-spd-ob\/wp-json\/wp\/v2\/media?parent=1760"}],"wp:term":[{"taxonomy":"category","embeddable":true,"href":"https:\/\/meier-gerdingh.de\/wp-spd-ob\/wp-json\/wp\/v2\/categories?post=1760"},{"taxonomy":"post_tag","embeddable":true,"href":"https:\/\/meier-gerdingh.de\/wp-spd-ob\/wp-json\/wp\/v2\/tags?post=1760"},{"taxonomy":"quellen","embeddable":true,"href":"https:\/\/meier-gerdingh.de\/wp-spd-ob\/wp-json\/wp\/v2\/quellen?post=1760"}],"curies":[{"name":"wp","href":"https:\/\/api.w.org\/{rel}","templated":true}]}}