{"id":1761,"date":"2014-09-11T11:43:04","date_gmt":"2014-09-11T09:43:04","guid":{"rendered":"http:\/\/www.meier-gerdingh.de\/spd-oberhausen\/wp\/?p=1761"},"modified":"2017-01-03T16:36:22","modified_gmt":"2017-01-03T15:36:22","slug":"breite-basisbeteiligung-zur-bestimmung-des-ob-kandidaten","status":"publish","type":"post","link":"https:\/\/meier-gerdingh.de\/wp-spd-ob\/2014\/09\/11\/breite-basisbeteiligung-zur-bestimmung-des-ob-kandidaten\/","title":{"rendered":"Breite Basisbeteiligung zur Bestimmung des OB-Kandidaten"},"content":{"rendered":"<div class=\"wp-caption alignleft\" style=\"width: 174px;\"><a href=\"http:\/\/meier-gerdingh.de\/wp-spd-ob\/wp-content\/uploads\/logo_spd_oberhausen.png\"><img decoding=\"async\" class=\"alignleft size-full wp-image-1519\" src=\"http:\/\/meier-gerdingh.de\/wp-spd-ob\/wp-content\/uploads\/logo_spd_oberhausen.png\" alt=\"logo_spd_oberhausen\" width=\"174\" height=\"174\" srcset=\"https:\/\/meier-gerdingh.de\/wp-spd-ob\/wp-content\/uploads\/logo_spd_oberhausen.png 174w, https:\/\/meier-gerdingh.de\/wp-spd-ob\/wp-content\/uploads\/logo_spd_oberhausen-150x150.png 150w\" sizes=\"(max-width: 174px) 100vw, 174px\" \/><\/a><\/div>\n<p>&#8222;Wir hatten ein breites Verfahren versprochen und haben dies nun auch verabschiedet&#8220;, so bilanziert Vorsitzender Michael Groschek die Ergebnisse der letzten Vorstandssitzung der SPD Oberhausen. Dort entschied man sich einm\u00fctig f\u00fcr eine breite Basisbeteiligung. Der erste Schritt ist die Mitgliederversammlung am 25. September, 19 Uhr im Haus Union. Dort soll der Findungsprozess der breiten Partei\u00f6ffentlichkeit vorgestellt werden.<!--more--><\/p>\n<p>Dann ist es bis ca. Mitte Oktober f\u00fcr die einzelnen Parteigliederungen m\u00f6glich, Kandidatinnen und Kandidaten zu benennen. Die benannten Interessentinnen und Interessenten sollten m\u00f6glichst viele der Kriterien erf\u00fcllen, auf die man sich im Vorstand geeinigt hatte. Dazu geh\u00f6ren unter anderem berufliche und politische Qualifikationen, F\u00fchrungserfahrung, Verankerung in der Stadtgesellschaft und ein Herz f\u00fcr Oberhausen und seine Menschen.<\/p>\n<p>Bis Ende Oktober fasst dann der Parteivorstand einen Beschluss \u00fcber das endg\u00fcltige Kandidatentableau. Gibt es mehrere Bewerberinnen und Bewerber wird es \u2013 \u00e4hnlich wie bei der Nominierung des Bundestagskandidaten Dirk V\u00f6pel \u2013 eine Vorstellungsrunde und eine Briefwahl unter allen Oberhausener SPD-Mitgliedern geben. Sollte nur eine Person sich f\u00fcr das Amt bewerben, stellt sich diese der gesamten Mitgliedschaft vor und wird dann gegebenenfalls auf einer Delegiertenversammlung \u2013 bestehend aus Parteimitgliedern \u2013 nominiert.<\/p>\n<p>&#8222;Formal best\u00e4tigt dann wieder die Delegiertenversammlung. Sie entscheidet entweder \u00fcber den Kandidaten, der mit absoluter Mehrheit aus der Briefwahl hervorgegangen ist oder sie w\u00e4hlt aus den beiden stimmenst\u00e4rksten Bewerbern aus.&#8220; Endg\u00fcltig soll die Kandidatur Ende dieses Jahres feststehen. &#8222;Die zu w\u00e4hlende Person und wir werden alles daf\u00fcr tun, um gemeinsam eine hohe Akzeptanz zu erlangen.&#8220;<\/p>\n","protected":false},"excerpt":{"rendered":"<p>&#8222;Wir hatten ein breites Verfahren versprochen und haben dies nun auch verabschiedet&#8220;, so bilanziert Vorsitzender Michael Groschek die Ergebnisse der letzten Vorstandssitzung der SPD Oberhausen. Dort entschied man sich einm\u00fctig&hellip; <\/p>\n","protected":false},"author":1,"featured_media":0,"comment_status":"closed","ping_status":"closed","sticky":false,"template":"","format":"standard","meta":{"footnotes":""},"categories":[173],"tags":[26,80,25],"quellen":[327],"class_list":["post-1761","post","type-post","status-publish","format-standard","hentry","category-parteileben","tag-mitgliederentscheid","tag-oberbuergermeisterwahl","tag-oberbuergermeisterwahl-2015","quellen-spd-unterbezirk-oberhausen"],"_links":{"self":[{"href":"https:\/\/meier-gerdingh.de\/wp-spd-ob\/wp-json\/wp\/v2\/posts\/1761","targetHints":{"allow":["GET"]}}],"collection":[{"href":"https:\/\/meier-gerdingh.de\/wp-spd-ob\/wp-json\/wp\/v2\/posts"}],"about":[{"href":"https:\/\/meier-gerdingh.de\/wp-spd-ob\/wp-json\/wp\/v2\/types\/post"}],"author":[{"embeddable":true,"href":"https:\/\/meier-gerdingh.de\/wp-spd-ob\/wp-json\/wp\/v2\/users\/1"}],"replies":[{"embeddable":true,"href":"https:\/\/meier-gerdingh.de\/wp-spd-ob\/wp-json\/wp\/v2\/comments?post=1761"}],"version-history":[{"count":0,"href":"https:\/\/meier-gerdingh.de\/wp-spd-ob\/wp-json\/wp\/v2\/posts\/1761\/revisions"}],"wp:attachment":[{"href":"https:\/\/meier-gerdingh.de\/wp-spd-ob\/wp-json\/wp\/v2\/media?parent=1761"}],"wp:term":[{"taxonomy":"category","embeddable":true,"href":"https:\/\/meier-gerdingh.de\/wp-spd-ob\/wp-json\/wp\/v2\/categories?post=1761"},{"taxonomy":"post_tag","embeddable":true,"href":"https:\/\/meier-gerdingh.de\/wp-spd-ob\/wp-json\/wp\/v2\/tags?post=1761"},{"taxonomy":"quellen","embeddable":true,"href":"https:\/\/meier-gerdingh.de\/wp-spd-ob\/wp-json\/wp\/v2\/quellen?post=1761"}],"curies":[{"name":"wp","href":"https:\/\/api.w.org\/{rel}","templated":true}]}}