{"id":1763,"date":"2014-09-16T11:46:08","date_gmt":"2014-09-16T09:46:08","guid":{"rendered":"http:\/\/www.meier-gerdingh.de\/spd-oberhausen\/wp\/?p=1763"},"modified":"2017-01-03T16:34:34","modified_gmt":"2017-01-03T15:34:34","slug":"spd-ratsfraktion-beraet-ab-mittwoch-in-erfurt","status":"publish","type":"post","link":"https:\/\/meier-gerdingh.de\/wp-spd-ob\/2014\/09\/16\/spd-ratsfraktion-beraet-ab-mittwoch-in-erfurt\/","title":{"rendered":"SPD-Ratsfraktion ber\u00e4t ab Mittwoch in Erfurt"},"content":{"rendered":"<div class=\"wp-caption alignleft\" style=\"width: 200px;\"><a href=\"http:\/\/meier-gerdingh.de\/wp-spd-ob\/wp-content\/uploads\/logo_spd_fraktion.jpg\"><img decoding=\"async\" class=\"alignleft size-full wp-image-1517\" src=\"http:\/\/meier-gerdingh.de\/wp-spd-ob\/wp-content\/uploads\/logo_spd_fraktion.jpg\" alt=\"logo_spd_fraktion\" width=\"200\" height=\"61\" \/><\/a><\/div>\n<p>Die diesj\u00e4hrige Klausurtagung der Ratsfraktion findet vom 17. bis zum 20. September in Erfurt statt. An vier Tagen werden die SPD-Ratsmitglieder intensiv wichtige Themenfelder der Oberhausener Kommunalpolitik beraten und den politischen Fahrplan f\u00fcr die kommenden Monate festlegen. Schwerpunkte werden dabei unter anderem der st\u00e4dtische Haushalt und die weitere Konsolidierung der Finanzen sowie die Fortf\u00fchrung der Stadtentwicklung in allen drei Bezirken Oberhausens sein.<!--more--><\/p>\n<p>Weitere Beratungspunkte betreffen zudem die Entwicklung der Bildungslandschaft, den Ausbau der B\u00fcrgerbeteiligung sowie die Bereiche Jugend &amp; Soziales, Sicherheit &amp; \u00f6ffentliche Ordnung und Sport. Zeit nehmen sich die SPD-Stadtverordneten dar\u00fcber hinaus, um die Personalentwicklung, das Strategische Immobilienmanagement und die IT-Landschaft der Stadt neben weiteren Themen ausgiebig zu diskutieren.<\/p>\n<p>Die Fraktionsgesch\u00e4ftsstelle bleibt wegen der Klausurtagung von Mittwoch, 17.09., bis einschlie\u00dflich Freitag, 19.09., geschlossen.<\/p>\n","protected":false},"excerpt":{"rendered":"<p>Die diesj\u00e4hrige Klausurtagung der Ratsfraktion findet vom 17. bis zum 20. September in Erfurt statt. An vier Tagen werden die SPD-Ratsmitglieder intensiv wichtige Themenfelder der Oberhausener Kommunalpolitik beraten und den&hellip; <\/p>\n","protected":false},"author":1,"featured_media":0,"comment_status":"closed","ping_status":"closed","sticky":false,"template":"","format":"standard","meta":{"footnotes":""},"categories":[171],"tags":[10],"quellen":[326],"class_list":["post-1763","post","type-post","status-publish","format-standard","hentry","category-veranstaltungen","tag-klausurtagung-spd-fraktion","quellen-spd-fraktion-oberhausen"],"_links":{"self":[{"href":"https:\/\/meier-gerdingh.de\/wp-spd-ob\/wp-json\/wp\/v2\/posts\/1763","targetHints":{"allow":["GET"]}}],"collection":[{"href":"https:\/\/meier-gerdingh.de\/wp-spd-ob\/wp-json\/wp\/v2\/posts"}],"about":[{"href":"https:\/\/meier-gerdingh.de\/wp-spd-ob\/wp-json\/wp\/v2\/types\/post"}],"author":[{"embeddable":true,"href":"https:\/\/meier-gerdingh.de\/wp-spd-ob\/wp-json\/wp\/v2\/users\/1"}],"replies":[{"embeddable":true,"href":"https:\/\/meier-gerdingh.de\/wp-spd-ob\/wp-json\/wp\/v2\/comments?post=1763"}],"version-history":[{"count":0,"href":"https:\/\/meier-gerdingh.de\/wp-spd-ob\/wp-json\/wp\/v2\/posts\/1763\/revisions"}],"wp:attachment":[{"href":"https:\/\/meier-gerdingh.de\/wp-spd-ob\/wp-json\/wp\/v2\/media?parent=1763"}],"wp:term":[{"taxonomy":"category","embeddable":true,"href":"https:\/\/meier-gerdingh.de\/wp-spd-ob\/wp-json\/wp\/v2\/categories?post=1763"},{"taxonomy":"post_tag","embeddable":true,"href":"https:\/\/meier-gerdingh.de\/wp-spd-ob\/wp-json\/wp\/v2\/tags?post=1763"},{"taxonomy":"quellen","embeddable":true,"href":"https:\/\/meier-gerdingh.de\/wp-spd-ob\/wp-json\/wp\/v2\/quellen?post=1763"}],"curies":[{"name":"wp","href":"https:\/\/api.w.org\/{rel}","templated":true}]}}