{"id":1764,"date":"2014-09-22T11:47:09","date_gmt":"2014-09-22T09:47:09","guid":{"rendered":"http:\/\/www.meier-gerdingh.de\/spd-oberhausen\/wp\/?p=1764"},"modified":"2017-01-03T16:33:11","modified_gmt":"2017-01-03T15:33:11","slug":"lokalpresse-berichtet-ueber-klausurtagung","status":"publish","type":"post","link":"https:\/\/meier-gerdingh.de\/wp-spd-ob\/2014\/09\/22\/lokalpresse-berichtet-ueber-klausurtagung\/","title":{"rendered":"Lokalpresse berichtet \u00fcber Klausurtagung"},"content":{"rendered":"<p>Die Lokalpresse berichtet \u00fcber die Beratungsergebnisse der diesj\u00e4hrigen Klausurtagung der SPD-Fraktion, u.a. zu den Themen (externe Links):<\/p>\n<p><b>Stra\u00dfenbahnlinie 105:<\/b><br \/>\n<a class=\"normal\" title=\"Externer Link, \u00f6ffnet neues Fenster oder neuen Tab\" href=\"http:\/\/www.derwesten.de\/staedte\/oberhausen\/oberhausener-sollen-ueber-neue-bahnlinie-entscheiden-id9849490.html\" target=\"_blank\">Oberhausener sollen \u00fcber neue Bahnlinie entscheiden<\/a><br \/>\n<a class=\"normal\" title=\"Externer Link, \u00f6ffnet neues Fenster oder neuen Tab\" href=\"http:\/\/www.derwesten.de\/staedte\/oberhausen\/buergerentscheid-zur-linie-105-in-oberhausen-id9849204.html\" target=\"_blank\">B\u00fcrgerentscheid zur Linie 105 in Oberhausen<\/a><!--more--><\/p>\n<p><b>Stadion Niederrhein:<\/b><br \/>\n<a class=\"normal\" title=\"Externer Link, \u00f6ffnet neues Fenster oder neuen Tab\" href=\"http:\/\/www.derwesten.de\/staedte\/oberhausen\/spd-will-neue-tribuene-fuers-stadion-aimp-id9851862.html\" target=\"_blank\">SPD will neue Trib\u00fcne f\u00fcrs Stadion<\/a><\/p>\n<p><b>Kommunalfinanzen:<\/b><br \/>\n<a class=\"normal\" title=\"Externer Link, \u00f6ffnet neues Fenster oder neuen Tab\" href=\"http:\/\/www.derwesten.de\/staedte\/oberhausen\/spd-fraktion-nicht-noch-hoehere-steuern-aimp-id9851911.html\" target=\"_blank\">SPD-Fraktion: Nicht noch h\u00f6here Steuern<\/a><br \/>\n<a class=\"normal\" title=\"Externer Link, \u00f6ffnet neues Fenster oder neuen Tab\" href=\"http:\/\/www.derwesten.de\/staedte\/oberhausen\/spd-gleiche-steuern-im-revier-aimp-id9856337.html\" target=\"_blank\">SPD: Gleiche Steuern im Revier<\/a><\/p>\n<p><b>Wirtschaftsf\u00f6rderung:<\/b><br \/>\n<a class=\"normal\" title=\"Externer Link, \u00f6ffnet neues Fenster oder neuen Tab\" href=\"http:\/\/www.derwesten.de\/staedte\/oberhausen\/spd-will-unternehmen-schlagkraeftiger-foerdern-aimp-id9856459.html\" target=\"_blank\">&#8222;SPD will Unternehmen schlagkr\u00e4ftiger f\u00f6rdern&#8220;<\/a><\/p>\n<p><b>Stadtentwicklung:<\/b><br \/>\n<a class=\"normal\" title=\"Externer Link, \u00f6ffnet neues Fenster oder neuen Tab\" href=\"http:\/\/www.derwesten.de\/staedte\/oberhausen\/viele-investitionen-ins-oberhausener-stadtleben-aimp-id9856594.html\" target=\"_blank\">Viele Investitionen ins Oberhausener Stadtleben<\/a><\/p>\n<p><b>Standort Finanz\u00e4mter:<\/b><br \/>\n<a class=\"normal\" title=\"Externer Link, \u00f6ffnet neues Fenster oder neuen Tab\" href=\"http:\/\/www.derwesten.de\/staedte\/oberhausen\/finanzamt-nicht-zum-centro-aimp-id9856558.html\" target=\"_blank\">Finanzamt nicht zum Centro<\/a><\/p>\n<p><b>Arbeitsmarkt:<\/b><br \/>\n<a title=\"Externer Link, \u00f6ffnet neues Fenster oder neuen Tab\" href=\"http:\/\/www.derwesten.de\/staedte\/oberhausen\/stadt-schafft-25-dauer-jobs-fuer-arbeitslose-aimp-id9856341.html\" target=\"schafft\">&#8222;Stadt schafft 25 Dauer-Jobs f\u00fcr Arbeitslose&#8220;<\/a><\/p>\n","protected":false},"excerpt":{"rendered":"<p>Die Lokalpresse berichtet \u00fcber die Beratungsergebnisse der diesj\u00e4hrigen Klausurtagung der SPD-Fraktion, u.a. zu den Themen (externe Links): Stra\u00dfenbahnlinie 105: Oberhausener sollen \u00fcber neue Bahnlinie entscheiden B\u00fcrgerentscheid zur Linie 105 in&hellip; <\/p>\n","protected":false},"author":1,"featured_media":0,"comment_status":"closed","ping_status":"closed","sticky":false,"template":"","format":"standard","meta":{"footnotes":""},"categories":[171],"tags":[18,10,14,12,13,450,17,15],"quellen":[326],"class_list":["post-1764","post","type-post","status-publish","format-standard","hentry","category-veranstaltungen","tag-arbeitsmarkt","tag-klausurtagung-spd-fraktion","tag-kommunalfinanzen","tag-linie-105","tag-stadion-niederrhein","tag-stadtentwicklung","tag-standort-finanzaemter","tag-wirtschaftsfoerderung","quellen-spd-fraktion-oberhausen"],"_links":{"self":[{"href":"https:\/\/meier-gerdingh.de\/wp-spd-ob\/wp-json\/wp\/v2\/posts\/1764","targetHints":{"allow":["GET"]}}],"collection":[{"href":"https:\/\/meier-gerdingh.de\/wp-spd-ob\/wp-json\/wp\/v2\/posts"}],"about":[{"href":"https:\/\/meier-gerdingh.de\/wp-spd-ob\/wp-json\/wp\/v2\/types\/post"}],"author":[{"embeddable":true,"href":"https:\/\/meier-gerdingh.de\/wp-spd-ob\/wp-json\/wp\/v2\/users\/1"}],"replies":[{"embeddable":true,"href":"https:\/\/meier-gerdingh.de\/wp-spd-ob\/wp-json\/wp\/v2\/comments?post=1764"}],"version-history":[{"count":0,"href":"https:\/\/meier-gerdingh.de\/wp-spd-ob\/wp-json\/wp\/v2\/posts\/1764\/revisions"}],"wp:attachment":[{"href":"https:\/\/meier-gerdingh.de\/wp-spd-ob\/wp-json\/wp\/v2\/media?parent=1764"}],"wp:term":[{"taxonomy":"category","embeddable":true,"href":"https:\/\/meier-gerdingh.de\/wp-spd-ob\/wp-json\/wp\/v2\/categories?post=1764"},{"taxonomy":"post_tag","embeddable":true,"href":"https:\/\/meier-gerdingh.de\/wp-spd-ob\/wp-json\/wp\/v2\/tags?post=1764"},{"taxonomy":"quellen","embeddable":true,"href":"https:\/\/meier-gerdingh.de\/wp-spd-ob\/wp-json\/wp\/v2\/quellen?post=1764"}],"curies":[{"name":"wp","href":"https:\/\/api.w.org\/{rel}","templated":true}]}}