{"id":1769,"date":"2014-09-29T14:10:51","date_gmt":"2014-09-29T12:10:51","guid":{"rendered":"http:\/\/www.meier-gerdingh.de\/spd-oberhausen\/wp\/?p=1769"},"modified":"2017-01-03T16:31:01","modified_gmt":"2017-01-03T15:31:01","slug":"bob-nimmt-sorgen-der-buergerinnen-und-buerger-nicht-wirklich-ernst","status":"publish","type":"post","link":"https:\/\/meier-gerdingh.de\/wp-spd-ob\/2014\/09\/29\/bob-nimmt-sorgen-der-buergerinnen-und-buerger-nicht-wirklich-ernst\/","title":{"rendered":"BOB nimmt Sorgen der B\u00fcrgerinnen und B\u00fcrger nicht wirklich ernst"},"content":{"rendered":"<div id=\"attachment_1583\" style=\"width: 150px\" class=\"wp-caption alignleft\"><a href=\"http:\/\/meier-gerdingh.de\/wp-spd-ob\/wp-content\/uploads\/real_ulrich_09.jpg\"><img aria-describedby=\"caption-attachment-1583\" decoding=\"async\" class=\"size-full wp-image-1583\" src=\"http:\/\/meier-gerdingh.de\/wp-spd-ob\/wp-content\/uploads\/real_ulrich_09.jpg\" alt=\"Ulrich Real ist Bezirksb\u00fcrgermeister von Sterkrade\" width=\"140\" height=\"169\" \/><\/a><p id=\"caption-attachment-1583\" class=\"wp-caption-text\">Ulrich Real ist Bezirksb\u00fcrgermeister von Sterkrade<\/p><\/div>\n<p><i>Stellungnahme des Sterkrader Bezirksb\u00fcrgermeisters Ulrich Real zum Artikel &#8222;Vollsperrung bedroht Existenz&#8220; vom 27. Septtember 2014<\/i><\/p>\n<p>Dass ausgerechnet BOB hier versucht, sich zum Anwalt der Anlieger zu machen, grenzt an B\u00fcrgerverdummung. In der vergangenen Sitzung der Bezirksvertretung Sterkrade hatte die Verwaltung noch vor Eintritt in die Tagesordnung darum gebeten, die Planungen zum Umbau der \u00d6PNV-Haltestelle Sterkrade Hagelkreuz vorstellen zu d\u00fcrfen und die Politik um Zustimmung gebeten.<!--more--><\/p>\n<p>Alle Fraktionen haben hier intensiv \u00fcber die Problematik diskutiert und dabei auch nicht mit Kritik gegeizt, was die von der Verwaltung zun\u00e4chst vorgeschlagenen zeitlichen Abl\u00e4ufe betraf. Als Ergebnis der BV-Beratung wurde die Verwaltung somit beauftragt, die Streckenf\u00fchrung f\u00fcr den Linienverkehr in Abstimmung mit der STOAG zu \u00fcberarbeiten und den jetzt vorgelegten Vorschlag auf seine Umsetzbarkeit zu \u00fcberpr\u00fcfen. Dieser Pr\u00fcfauftrag wurde von allen Parteien getragen.<\/p>\n<p>Es bleibt aber festzuhalten, dass der gew\u00e4hlte Vertreter von BOB, Herr Werner Nowak, in dieser Sitzung (11. Sept. 2014) unentschuldigt gefehlt hat. Er hatte es nicht einmal f\u00fcr n\u00f6tig befunden, seine Unterlagen f\u00fcr diese Sitzung in der Bezirksverwaltungsstelle Sterkrade abzuholen. Hier wird deutlich, worum es BOB in Wirklichkeit geht: N\u00e4mlich um puren Aktionismus. Menschen in ihren Sorgen ernst nehmen und ihnen helfen zu wollen, w\u00fcrde bei einem gew\u00e4hlten Mandatstr\u00e4ger bedeuten, auch an den entscheidenden Sitzungen der politischen Gremien teilzunehmen, um Vorschl\u00e4ge zu beeinflussen oder zu ver\u00e4ndern.<\/p>\n<p>Bei BOB muss man hier leider Fehlanzeige feststellen.<\/p>\n","protected":false},"excerpt":{"rendered":"<p>Stellungnahme des Sterkrader Bezirksb\u00fcrgermeisters Ulrich Real zum Artikel &#8222;Vollsperrung bedroht Existenz&#8220; vom 27. Septtember 2014 Dass ausgerechnet BOB hier versucht, sich zum Anwalt der Anlieger zu machen, grenzt an B\u00fcrgerverdummung.&hellip; <\/p>\n","protected":false},"author":1,"featured_media":0,"comment_status":"closed","ping_status":"closed","sticky":false,"template":"","format":"standard","meta":{"footnotes":""},"categories":[27],"tags":[54,53,55],"quellen":[326],"class_list":["post-1769","post","type-post","status-publish","format-standard","hentry","category-planen-bauen-wohnen-verkehr","tag-bezirksvertretung-sterkrade","tag-bob","tag-oepnv","quellen-spd-fraktion-oberhausen"],"_links":{"self":[{"href":"https:\/\/meier-gerdingh.de\/wp-spd-ob\/wp-json\/wp\/v2\/posts\/1769","targetHints":{"allow":["GET"]}}],"collection":[{"href":"https:\/\/meier-gerdingh.de\/wp-spd-ob\/wp-json\/wp\/v2\/posts"}],"about":[{"href":"https:\/\/meier-gerdingh.de\/wp-spd-ob\/wp-json\/wp\/v2\/types\/post"}],"author":[{"embeddable":true,"href":"https:\/\/meier-gerdingh.de\/wp-spd-ob\/wp-json\/wp\/v2\/users\/1"}],"replies":[{"embeddable":true,"href":"https:\/\/meier-gerdingh.de\/wp-spd-ob\/wp-json\/wp\/v2\/comments?post=1769"}],"version-history":[{"count":0,"href":"https:\/\/meier-gerdingh.de\/wp-spd-ob\/wp-json\/wp\/v2\/posts\/1769\/revisions"}],"wp:attachment":[{"href":"https:\/\/meier-gerdingh.de\/wp-spd-ob\/wp-json\/wp\/v2\/media?parent=1769"}],"wp:term":[{"taxonomy":"category","embeddable":true,"href":"https:\/\/meier-gerdingh.de\/wp-spd-ob\/wp-json\/wp\/v2\/categories?post=1769"},{"taxonomy":"post_tag","embeddable":true,"href":"https:\/\/meier-gerdingh.de\/wp-spd-ob\/wp-json\/wp\/v2\/tags?post=1769"},{"taxonomy":"quellen","embeddable":true,"href":"https:\/\/meier-gerdingh.de\/wp-spd-ob\/wp-json\/wp\/v2\/quellen?post=1769"}],"curies":[{"name":"wp","href":"https:\/\/api.w.org\/{rel}","templated":true}]}}