{"id":1770,"date":"2014-09-30T14:14:12","date_gmt":"2014-09-30T12:14:12","guid":{"rendered":"http:\/\/www.meier-gerdingh.de\/spd-oberhausen\/wp\/?p=1770"},"modified":"2017-01-03T16:30:45","modified_gmt":"2017-01-03T15:30:45","slug":"lieber-sachlich-informieren-als-bevormunden","status":"publish","type":"post","link":"https:\/\/meier-gerdingh.de\/wp-spd-ob\/2014\/09\/30\/lieber-sachlich-informieren-als-bevormunden\/","title":{"rendered":"&#8222;Lieber sachlich informieren als bevormunden&#8220;"},"content":{"rendered":"<div id=\"attachment_1399\" style=\"width: 150px\" class=\"wp-caption alignleft\"><a href=\"http:\/\/meier-gerdingh.de\/wp-spd-ob\/wp-content\/uploads\/groschek_michael_09.jpg\"><img aria-describedby=\"caption-attachment-1399\" decoding=\"async\" class=\"size-full wp-image-1399\" src=\"http:\/\/meier-gerdingh.de\/wp-spd-ob\/wp-content\/uploads\/groschek_michael_09.jpg\" alt=\"Michael Groschek ist Vorsitzender der Oberhausener SPD\" width=\"140\" height=\"186\" \/><\/a><p id=\"caption-attachment-1399\" class=\"wp-caption-text\">Michael Groschek ist Vorsitzender der Oberhausener SPD<\/p><\/div>\n<p><i>Reaktion auf den Artikel \u201eCDU in Oberhausen lehnt Stra\u00dfenbahn 105 zum Centro ab\u201c aus WAZ\/NRZ vom 30.09.14<\/i><\/p>\n<p>&#8222;Wir als SPD setzen auf sachliche Information und Argumente anstatt auf Populismus. Wir w\u00fcrden uns \u00fcber eine breite Debatte \u00fcber das Thema freuen, welche auch die CDU mit Gelassenheit mitgestalten sollte&#8220;, so der SPD-Parteivorsitzende Michael Groschek.<!--more--><\/p>\n<p>Groschek stellt fest, dass die Sozialdemokraten verstanden h\u00e4tten und bei so wichtigen Entscheidungen wie der zur Linie 105 die B\u00fcrgerinnen und B\u00fcrger beteiligen will. Auch innerhalb der Partei setze man bei Sach- und Personalfragen auf die Meinung der Basis \u2013 siehe die beiden Mitgliederbefragungen zur Bundestagskandidatur (schon 2012) und die jetzige zur Findung der OB\u2013Kandidatin oder des OB-Kandidaten.<\/p>\n<p>Die Linie sei ein L\u00fcckenschluss zwischen Oberhausen und Essen und damit ein Konzept, welches der Region Vorteile bringt, so Groschek.<\/p>\n<p>Verwunderlich sei allerdings auch, dass die CDU bis jetzt in allen f\u00fcr die \u00fcberregionalen Verkehrsplanungen zust\u00e4ndigen Gremien f\u00fcr das Projekt gestimmt habe und sich jetzt dagegen stellt.<\/p>\n","protected":false},"excerpt":{"rendered":"<p>Reaktion auf den Artikel \u201eCDU in Oberhausen lehnt Stra\u00dfenbahn 105 zum Centro ab\u201c aus WAZ\/NRZ vom 30.09.14 &#8222;Wir als SPD setzen auf sachliche Information und Argumente anstatt auf Populismus. Wir&hellip; <\/p>\n","protected":false},"author":1,"featured_media":0,"comment_status":"closed","ping_status":"closed","sticky":false,"template":"","format":"standard","meta":{"footnotes":""},"categories":[27],"tags":[176,58,12,175,56,177,340],"quellen":[327],"class_list":["post-1770","post","type-post","status-publish","format-standard","hentry","category-planen-bauen-wohnen-verkehr","tag-bauen","tag-buergerentscheid","tag-linie-105","tag-planen","tag-strassenbahn","tag-verkehr","tag-wohnen","quellen-spd-unterbezirk-oberhausen"],"_links":{"self":[{"href":"https:\/\/meier-gerdingh.de\/wp-spd-ob\/wp-json\/wp\/v2\/posts\/1770","targetHints":{"allow":["GET"]}}],"collection":[{"href":"https:\/\/meier-gerdingh.de\/wp-spd-ob\/wp-json\/wp\/v2\/posts"}],"about":[{"href":"https:\/\/meier-gerdingh.de\/wp-spd-ob\/wp-json\/wp\/v2\/types\/post"}],"author":[{"embeddable":true,"href":"https:\/\/meier-gerdingh.de\/wp-spd-ob\/wp-json\/wp\/v2\/users\/1"}],"replies":[{"embeddable":true,"href":"https:\/\/meier-gerdingh.de\/wp-spd-ob\/wp-json\/wp\/v2\/comments?post=1770"}],"version-history":[{"count":0,"href":"https:\/\/meier-gerdingh.de\/wp-spd-ob\/wp-json\/wp\/v2\/posts\/1770\/revisions"}],"wp:attachment":[{"href":"https:\/\/meier-gerdingh.de\/wp-spd-ob\/wp-json\/wp\/v2\/media?parent=1770"}],"wp:term":[{"taxonomy":"category","embeddable":true,"href":"https:\/\/meier-gerdingh.de\/wp-spd-ob\/wp-json\/wp\/v2\/categories?post=1770"},{"taxonomy":"post_tag","embeddable":true,"href":"https:\/\/meier-gerdingh.de\/wp-spd-ob\/wp-json\/wp\/v2\/tags?post=1770"},{"taxonomy":"quellen","embeddable":true,"href":"https:\/\/meier-gerdingh.de\/wp-spd-ob\/wp-json\/wp\/v2\/quellen?post=1770"}],"curies":[{"name":"wp","href":"https:\/\/api.w.org\/{rel}","templated":true}]}}