{"id":1771,"date":"2014-10-01T14:17:40","date_gmt":"2014-10-01T12:17:40","guid":{"rendered":"http:\/\/www.meier-gerdingh.de\/spd-oberhausen\/wp\/?p=1771"},"modified":"2017-01-03T16:30:30","modified_gmt":"2017-01-03T15:30:30","slug":"soli-muss-nach-bedarf-an-die-laender-verteilt-werden","status":"publish","type":"post","link":"https:\/\/meier-gerdingh.de\/wp-spd-ob\/2014\/10\/01\/soli-muss-nach-bedarf-an-die-laender-verteilt-werden\/","title":{"rendered":"&#8222;Soli&#8220; muss nach Bedarf an die L\u00e4nder verteilt werden"},"content":{"rendered":"<div id=\"attachment_1707\" style=\"width: 150px\" class=\"wp-caption alignleft\"><a href=\"http:\/\/meier-gerdingh.de\/wp-spd-ob\/wp-content\/uploads\/zimkeit_stefan_12.jpg\"><img aria-describedby=\"caption-attachment-1707\" decoding=\"async\" class=\"size-full wp-image-1707\" src=\"http:\/\/meier-gerdingh.de\/wp-spd-ob\/wp-content\/uploads\/zimkeit_stefan_12.jpg\" alt=\"Stefan Zimkeit ist Mitglied des Landtags von Nordrhein-Westfalen\" width=\"140\" height=\"169\" \/><\/a><p id=\"caption-attachment-1707\" class=\"wp-caption-text\">Stefan Zimkeit ist Mitglied des Landtags von Nordrhein-Westfalen<\/p><\/div>\n<p>Stefan Zimkeit hat Bundesfinanzminister Sch\u00e4uble davor gewarnt, den Solidarit\u00e4tszuschlag komplett f\u00fcr seinen Haushalt zu vereinnahmen. &#8222;Schon jetzt flie\u00dfen erhebliche Teile des Soli an den Bund, obwohl die Menschen glauben, dass damit dem Osten geholfen werde&#8220;, sagte der stellvertretende finanzpolitische Sprecher der SPD-Landtagsfraktion. Zimkeit lehnte den Sch\u00e4uble-Vorschlag ab, einen Teil der Neuverschuldungsm\u00f6glichkeit des Bundes an die L\u00e4nder abzutreten. Denn mit diesem Angebot wolle der Bundesfinanzminister lediglich seinen Zugriff auf den Solidarit\u00e4tszuschlag absichern und mitnichten den L\u00e4ndern zus\u00e4tzliche Handlungsspielr\u00e4ume er\u00f6ffnen.<!--more--><\/p>\n<p>&#8222;Die Mittel des Solis m\u00fcssen daf\u00fcr genutzt werden, L\u00e4nder zu unterst\u00fctzen, die besondere Bedarfe haben und besondere Belastungen zu tragen haben&#8220;, sagte Zimkeit in der Landtagsdebatte. Statt die Gelder nach Himmelsrichtung zu verteilen, werde ein Altschuldenfonds ben\u00f6tigt, um insbesondere auch die St\u00e4dte zu entlasten.<\/p>\n<p>Stefan Zimkeit best\u00e4tigte den von der Landtagsopposition ge\u00e4u\u00dferten Eindruck, dass NRW grunds\u00e4tzlich auf einen guten Weg zur Einhaltung der Schuldenbremse sei, aber dass die konkreten Anstrengungen noch verst\u00e4rkt werden m\u00fcssen. &#8222;Die Schuldenbremse ist aber nicht die L\u00f6sung aller Probleme des Landes&#8220;, widersprach Zimkeit einer Behauptung der FDP-Fraktion. &#8222;Sie wird zu einer Bildungs- und Infrastrukturbremse, wenn die Einnahmen nicht stimmen.&#8220; Der SPD-Finanzexperte forderte die Landtagsopposition auf, sich gegen\u00fcber dem Bund f\u00fcr die Interessen des Landes NRW einzusetzen.<\/p>\n","protected":false},"excerpt":{"rendered":"<p>Stefan Zimkeit hat Bundesfinanzminister Sch\u00e4uble davor gewarnt, den Solidarit\u00e4tszuschlag komplett f\u00fcr seinen Haushalt zu vereinnahmen. &#8222;Schon jetzt flie\u00dfen erhebliche Teile des Soli an den Bund, obwohl die Menschen glauben, dass&hellip; <\/p>\n","protected":false},"author":1,"featured_media":0,"comment_status":"closed","ping_status":"closed","sticky":false,"template":"","format":"standard","meta":{"footnotes":""},"categories":[98],"tags":[60,59],"quellen":[331],"class_list":["post-1771","post","type-post","status-publish","format-standard","hentry","category-finanzen","tag-schuldenbremse","tag-solidaritaetszuschlag","quellen-mdl-stefan-zimkeit"],"_links":{"self":[{"href":"https:\/\/meier-gerdingh.de\/wp-spd-ob\/wp-json\/wp\/v2\/posts\/1771","targetHints":{"allow":["GET"]}}],"collection":[{"href":"https:\/\/meier-gerdingh.de\/wp-spd-ob\/wp-json\/wp\/v2\/posts"}],"about":[{"href":"https:\/\/meier-gerdingh.de\/wp-spd-ob\/wp-json\/wp\/v2\/types\/post"}],"author":[{"embeddable":true,"href":"https:\/\/meier-gerdingh.de\/wp-spd-ob\/wp-json\/wp\/v2\/users\/1"}],"replies":[{"embeddable":true,"href":"https:\/\/meier-gerdingh.de\/wp-spd-ob\/wp-json\/wp\/v2\/comments?post=1771"}],"version-history":[{"count":0,"href":"https:\/\/meier-gerdingh.de\/wp-spd-ob\/wp-json\/wp\/v2\/posts\/1771\/revisions"}],"wp:attachment":[{"href":"https:\/\/meier-gerdingh.de\/wp-spd-ob\/wp-json\/wp\/v2\/media?parent=1771"}],"wp:term":[{"taxonomy":"category","embeddable":true,"href":"https:\/\/meier-gerdingh.de\/wp-spd-ob\/wp-json\/wp\/v2\/categories?post=1771"},{"taxonomy":"post_tag","embeddable":true,"href":"https:\/\/meier-gerdingh.de\/wp-spd-ob\/wp-json\/wp\/v2\/tags?post=1771"},{"taxonomy":"quellen","embeddable":true,"href":"https:\/\/meier-gerdingh.de\/wp-spd-ob\/wp-json\/wp\/v2\/quellen?post=1771"}],"curies":[{"name":"wp","href":"https:\/\/api.w.org\/{rel}","templated":true}]}}