{"id":1777,"date":"2014-10-15T09:06:44","date_gmt":"2014-10-15T07:06:44","guid":{"rendered":"http:\/\/www.meier-gerdingh.de\/spd-oberhausen\/wp\/?p=1777"},"modified":"2015-03-11T18:34:09","modified_gmt":"2015-03-11T16:34:09","slug":"spd-oberhausen-west-laedt-ein-zu-stadtteilgespraechen","status":"publish","type":"post","link":"https:\/\/meier-gerdingh.de\/wp-spd-ob\/2014\/10\/15\/spd-oberhausen-west-laedt-ein-zu-stadtteilgespraechen\/","title":{"rendered":"SPD Oberhausen-West l\u00e4dt ein zu Stadtteilgespr\u00e4chen"},"content":{"rendered":"<p><a href=\"http:\/\/meier-gerdingh.de\/wp-spd-ob\/wp-content\/uploads\/banner_ov_west_neu.jpg\"><img decoding=\"async\" src=\"http:\/\/meier-gerdingh.de\/wp-spd-ob\/wp-content\/uploads\/banner_ov_west_neu.jpg\" alt=\"banner_ov_west_neu\" width=\"600\" height=\"150\" class=\"aligncenter size-full wp-image-1778\" srcset=\"https:\/\/meier-gerdingh.de\/wp-spd-ob\/wp-content\/uploads\/banner_ov_west_neu.jpg 600w, https:\/\/meier-gerdingh.de\/wp-spd-ob\/wp-content\/uploads\/banner_ov_west_neu-300x75.jpg 300w\" sizes=\"(max-width: 600px) 100vw, 600px\" \/><\/a>Im Rahmen seiner Veranstaltungsreihe <strong>&#8222;Stadtteilgespr\u00e4ch&#8220;<\/strong> l\u00e4dt der SPD-Ortsverein Oberhausen-West im Oktober zu B\u00fcrgerversammlungen in Alstaden und Lirich ein:<!--more--><\/p>\n<p>Am Dienstag, <strong>21. Oktober 2014<\/strong>, ab 19.00 Uhr, geht es zun\u00e4chst um aktuelle <strong>Alstadener Entwicklungen<\/strong>, wie z. B. die Situation des Sportplatzes Kuhle oder m\u00f6gliche Nutzungsperspektiven f\u00fcr die auslaufende Hauptschule Alstaden. Selbstverst\u00e4ndlich k\u00f6nnen die Anwesenden auch jedes andere Thema aus dem Stadtteil ansprechen, das ihnen am Herzen liegt. Denn beim &#8222;Stadtteilgespr\u00e4ch&#8220; bestimmen die B\u00fcrgerinnen und B\u00fcrger die Tagesordnung. Anregungungen und Beschwerden, Ideen und Kritik sind ausdr\u00fccklich erw\u00fcnscht und werden mit den zust\u00e4ndigen SPD-Ratsmitgliedern und Bezirksvertretern sowie Vertretern der Stadtverwaltung er\u00f6rtert.<\/p>\n<p>Eine Woche sp\u00e4ter, am Dienstag, <strong>28. Oktober 2014<\/strong>, ebenfalls ab 19.00 Uhr, findet das Stadtteilgespr\u00e4ch <strong>Lirich<\/strong> statt. Informiert und diskutiert wird u. a. \u00fcber die Nachfolgenutzung der Hauptschule Lirich, den Wohnpark Bebelstra\u00dfe oder die geplante Neugestaltung des Altenberg-Gel\u00e4ndes. Weitere Themen aus dem Stadtteil k\u00f6nnen nat\u00fcrlich auch die B\u00fcrgerinnen und B\u00fcrger vorbringen, sie werden selbstverst\u00e4ndlich gerne aufgenommen. Wichtig: F\u00fcr alle Interessierten wird bereits um 18.00 Uhr ein <strong>Rundgang durch das neue Stadtarchiv<\/strong> im Geb\u00e4ude der ehemaligen Hauptschule Lirich an der Eschenstra\u00dfe 60 angeboten.<\/p>\n<p>&#8222;Mit den Stadtteilgespr\u00e4chen wollen wir den Menschen regelm\u00e4\u00dfig eine M\u00f6glichkeit geben, aktiv an der Gestaltung ihres Stadtteils, ihres unmittelbaren Lebensumfeldes mitzuwirken&#8220;, erkl\u00e4rt der Ortsvereinsvorsitzende Dirk V\u00f6pel. &#8222;Denn wir m\u00fcssen die B\u00fcrgerinnen und B\u00fcrger wieder viel st\u00e4rker da abholen, wo sie Zuhause sind, in den Quartieren und Stadtbezirken, der Heimat vor der Haust\u00fcre.&#8220;<\/p>\n<p><strong>Termine:<\/strong><\/p>\n<p><strong>Stadtteilgespr\u00e4ch Alstaden<\/strong><br \/>\nDienstag, 21. Oktober 2014, ab 19.00 Uhr<br \/>\nMensa der Hauptschule Alstaden<br \/>\nBebelstr. 182<br \/>\n46049 Oberhausen<\/p>\n<p><strong>Stadtteilgespr\u00e4ch Lirich<\/strong><br \/>\nDienstag, 28. Oktober 2014, ab 19.00 Uhr<br \/>\nAWO-Altenpflegeseminar<br \/>\nRosenstr. 67<br \/>\n46049 Oberhausen<\/p>\n<p>Vorab:<br \/>\n<strong>Besichtigung des neuen Stadtarchivs<\/strong><br \/>\nDienstag, 28. Oktober 2014<br \/>\nTreffpunkt um 18.00 Uhr<br \/>\nEschenstra\u00dfe 60<br \/>\n46049 Oberhausen<br \/>\n(ehemalige Hauptschule Lirich)<\/p>\n","protected":false},"excerpt":{"rendered":"<p>Im Rahmen seiner Veranstaltungsreihe &#8222;Stadtteilgespr\u00e4ch&#8220; l\u00e4dt der SPD-Ortsverein Oberhausen-West im Oktober zu B\u00fcrgerversammlungen in Alstaden und Lirich ein:<\/p>\n","protected":false},"author":1,"featured_media":0,"comment_status":"closed","ping_status":"closed","sticky":false,"template":"","format":"standard","meta":{"footnotes":""},"categories":[167],"tags":[134,183,182,184],"quellen":[335],"class_list":["post-1777","post","type-post","status-publish","format-standard","hentry","category-stadtteile","tag-alstaden","tag-lirich","tag-ov-oberhausen-west","tag-stadtteilgespraeche","quellen-ov-west"],"_links":{"self":[{"href":"https:\/\/meier-gerdingh.de\/wp-spd-ob\/wp-json\/wp\/v2\/posts\/1777","targetHints":{"allow":["GET"]}}],"collection":[{"href":"https:\/\/meier-gerdingh.de\/wp-spd-ob\/wp-json\/wp\/v2\/posts"}],"about":[{"href":"https:\/\/meier-gerdingh.de\/wp-spd-ob\/wp-json\/wp\/v2\/types\/post"}],"author":[{"embeddable":true,"href":"https:\/\/meier-gerdingh.de\/wp-spd-ob\/wp-json\/wp\/v2\/users\/1"}],"replies":[{"embeddable":true,"href":"https:\/\/meier-gerdingh.de\/wp-spd-ob\/wp-json\/wp\/v2\/comments?post=1777"}],"version-history":[{"count":0,"href":"https:\/\/meier-gerdingh.de\/wp-spd-ob\/wp-json\/wp\/v2\/posts\/1777\/revisions"}],"wp:attachment":[{"href":"https:\/\/meier-gerdingh.de\/wp-spd-ob\/wp-json\/wp\/v2\/media?parent=1777"}],"wp:term":[{"taxonomy":"category","embeddable":true,"href":"https:\/\/meier-gerdingh.de\/wp-spd-ob\/wp-json\/wp\/v2\/categories?post=1777"},{"taxonomy":"post_tag","embeddable":true,"href":"https:\/\/meier-gerdingh.de\/wp-spd-ob\/wp-json\/wp\/v2\/tags?post=1777"},{"taxonomy":"quellen","embeddable":true,"href":"https:\/\/meier-gerdingh.de\/wp-spd-ob\/wp-json\/wp\/v2\/quellen?post=1777"}],"curies":[{"name":"wp","href":"https:\/\/api.w.org\/{rel}","templated":true}]}}