{"id":182,"date":"2002-10-01T16:00:00","date_gmt":"2002-10-01T14:00:00","guid":{"rendered":"http:\/\/www.meier-gerdingh.de\/spd-oberhausen\/wp\/?p=182"},"modified":"2017-05-12T09:10:22","modified_gmt":"2017-05-12T07:10:22","slug":"380000-euro-fuer-die-beschaeftigung-schwerbehinderter-in-oberhausen","status":"publish","type":"post","link":"https:\/\/meier-gerdingh.de\/wp-spd-ob\/2002\/10\/01\/380000-euro-fuer-die-beschaeftigung-schwerbehinderter-in-oberhausen\/","title":{"rendered":"380.000 Euro f\u00fcr die Besch\u00e4ftigung Schwerbehinderter in Oberhausen"},"content":{"rendered":"<div style=\"width: 116px\" class=\"wp-caption alignleft\"><a href=\"http:\/\/meier-gerdingh.de\/wp-spd-ob\/wp-content\/uploads\/lvr.gif\"><img decoding=\"async\" class=\"size-full\" src=\"http:\/\/meier-gerdingh.de\/wp-spd-ob\/wp-content\/uploads\/lvr.gif\" alt=\"Logo Landschaftsverband Rheinland\" width=\"106\" height=\"82\" \/><\/a><p class=\"wp-caption-text\">Logo Landschaftsverband Rheinland<\/p><\/div>\n<p>Der Landschaftsverband Rheinland wird im n\u00e4chsten Jahr knapp 380.000 Euro f\u00fcr die Besch\u00e4ftigung Schwerbehinderter in Oberhausen zur Verf\u00fcgung stellen. Diese gute Nachricht \u00fcbermittelt der SPD-Stadtverordnete Thomas Di\u00dfelmeyer, der zugleich Mitglied im Sozialausschuss beim Landschaftsverband Rheinland ist. Noch im Oktober soll die Landschaftsversammlung \u00fcber einen entsprechenden Verteilungsvorschlag entscheiden.<!--more--><\/p>\n<p>Zum Hintergrund:<\/p>\n<p>Diese Zuweisung wird erm\u00f6glicht durch eine Abgabe von Unternehmen und Beh\u00f6rden, die ihrer gesetzlichen Verpflichtung zur Besch\u00e4ftigung schwerbehinderter Mitarbeiter und Mitarbeiterinnen nicht hinreichend nachkommen.<\/p>\n<p>Dieses Geld ist nach den ma\u00dfgeblich Bestimmungen \u00fcber die \u00f6rtlichen Sozialhilfetr\u00e4ger vollst\u00e4ndig daf\u00fcr einzusetzen, Zusch\u00fcsse zu gew\u00e4hren, um Schwerbehinderte zu besch\u00e4ftigen. Die Palette der f\u00f6rderf\u00e4higen Ma\u00dfnahmen unter der \u00dcberschrift &#8222;Begleitende Hilfen im Arbeitsleben&#8220; ist dabei sehr breit: \u00dcber Arbeitsplatzeinrichtungskosten bis hin zu einem behindertengerechten Ausbau der Arbeitsst\u00e4tten ist im Grundsatz eine F\u00f6rderung m\u00f6glich.<\/p>\n","protected":false},"excerpt":{"rendered":"<p>Der Landschaftsverband Rheinland wird im n\u00e4chsten Jahr knapp 380.000 Euro f\u00fcr die Besch\u00e4ftigung Schwerbehinderter in Oberhausen zur Verf\u00fcgung stellen. Diese gute Nachricht \u00fcbermittelt der SPD-Stadtverordnete Thomas Di\u00dfelmeyer, der zugleich Mitglied&hellip; <\/p>\n","protected":false},"author":1,"featured_media":0,"comment_status":"closed","ping_status":"closed","sticky":false,"template":"","format":"standard","meta":{"footnotes":""},"categories":[1],"tags":[],"quellen":[],"class_list":["post-182","post","type-post","status-publish","format-standard","hentry","category-allgemein"],"_links":{"self":[{"href":"https:\/\/meier-gerdingh.de\/wp-spd-ob\/wp-json\/wp\/v2\/posts\/182","targetHints":{"allow":["GET"]}}],"collection":[{"href":"https:\/\/meier-gerdingh.de\/wp-spd-ob\/wp-json\/wp\/v2\/posts"}],"about":[{"href":"https:\/\/meier-gerdingh.de\/wp-spd-ob\/wp-json\/wp\/v2\/types\/post"}],"author":[{"embeddable":true,"href":"https:\/\/meier-gerdingh.de\/wp-spd-ob\/wp-json\/wp\/v2\/users\/1"}],"replies":[{"embeddable":true,"href":"https:\/\/meier-gerdingh.de\/wp-spd-ob\/wp-json\/wp\/v2\/comments?post=182"}],"version-history":[{"count":0,"href":"https:\/\/meier-gerdingh.de\/wp-spd-ob\/wp-json\/wp\/v2\/posts\/182\/revisions"}],"wp:attachment":[{"href":"https:\/\/meier-gerdingh.de\/wp-spd-ob\/wp-json\/wp\/v2\/media?parent=182"}],"wp:term":[{"taxonomy":"category","embeddable":true,"href":"https:\/\/meier-gerdingh.de\/wp-spd-ob\/wp-json\/wp\/v2\/categories?post=182"},{"taxonomy":"post_tag","embeddable":true,"href":"https:\/\/meier-gerdingh.de\/wp-spd-ob\/wp-json\/wp\/v2\/tags?post=182"},{"taxonomy":"quellen","embeddable":true,"href":"https:\/\/meier-gerdingh.de\/wp-spd-ob\/wp-json\/wp\/v2\/quellen?post=182"}],"curies":[{"name":"wp","href":"https:\/\/api.w.org\/{rel}","templated":true}]}}