{"id":184,"date":"2002-10-08T16:00:00","date_gmt":"2002-10-08T14:00:00","guid":{"rendered":"http:\/\/www.meier-gerdingh.de\/spd-oberhausen\/wp\/?p=184"},"modified":"2017-05-12T09:09:44","modified_gmt":"2017-05-12T07:09:44","slug":"peer-steinbrueck-soll-neuer-ministerpraesident-in-nrw-werden","status":"publish","type":"post","link":"https:\/\/meier-gerdingh.de\/wp-spd-ob\/2002\/10\/08\/peer-steinbrueck-soll-neuer-ministerpraesident-in-nrw-werden\/","title":{"rendered":"Peer Steinbr\u00fcck soll neuer Ministerpr\u00e4sident in NRW werden"},"content":{"rendered":"<div style=\"width: 150px\" class=\"wp-caption alignleft\"><a href=\"http:\/\/meier-gerdingh.de\/wp-spd-ob\/wp-content\/uploads\/steinbrueck.jpg\"><img decoding=\"async\" class=\"size-full\" src=\"http:\/\/meier-gerdingh.de\/wp-spd-ob\/wp-content\/uploads\/steinbrueck.jpg\" alt=\"\" width=\"140\" height=\"186\" \/><\/a><p class=\"wp-caption-text\">Peer Steinbr\u00fcck<\/p><\/div>\n<p>Das Pr\u00e4sidium und der Landesvorstand haben heute einstimmig (bei einer Enthaltung) beschlossen, Peer Steinbr\u00fcck am 2.\u00a0November dem Landesparteitag der NRWSPD als Kandidaten f\u00fcr das Amt des Ministerpr\u00e4sidenten vorzuschlagen.<!--more--><\/p>\n<p><b>Kurzbiografie Peer Steinbr\u00fcck<\/b><\/p>\n<p>1947: geboren am 10. Januar 1947 in Hamburg, verheiratet, drei Kinder<\/p>\n<p>1968: Abitur, anschl. zwei Jahre Dienstzeit bei der Bundeswehr<\/p>\n<p>1969: Eintritt in die SPD, jetzt Mitglied im Ortsverein Bergkamen-Heil<\/p>\n<p>April 1970 bis Oktober 1974: Studium der Volkswirtschaft und der Sozialwissenschaft an der Christian-Albrechts-Universit\u00e4t in Kiel, Abschluss als Diplom Volkswirt Dezember 1974<\/p>\n<p>1974 bis 1976: Werkvertrag mit dem Bundesbauministerium (Raumordnung und Regionalplanung)<\/p>\n<p>1976 bis 1977: Mitarbeit in der Planungsgruppe des Bundesministeriums f\u00fcr Forschung und Technologie<\/p>\n<p>1977 bis 1978: Pers\u00f6nlicher Referent der Bundesminister Matth\u00f6fer bzw. Hauff<\/p>\n<p>Juni 1978 bis Februar 1981: T\u00e4tigkeit im Bundeskanzleramt im Spiegelreferat zum Bundesministerium f\u00fcr Forschung und Technologie<\/p>\n<p>1981: T\u00e4tigkeit in der St\u00e4ndigen Vertretung der Bundesrepublik Deutschland in Ost-Berlin, Abteilung Wirtschaft<\/p>\n<p>1981 bis 1982: Pers\u00f6nlicher Referent des Bundesministers f\u00fcr Forschung und Technologie, von B\u00fclow<\/p>\n<p>Oktober 1983 bis September 1985: Koordinierender Referent im Arbeitsbereich Umweltschutz der SPD-Bundestagsfraktion<\/p>\n<p>Oktober 1985 bis November 1986: Grundsatzreferent f\u00fcr volkswirtschaftliche Fragen des Umweltschutzes in der Planungsgruppe des Ministeriums f\u00fcr Umwelt, Raumordnung und Landwirtschaft des Landes Nordrhein-Westfalen<\/p>\n<p>Dezember 1986 bis Mai 1990: Leiter des B\u00fcros des Ministerpr\u00e4sidenten des Landes Nordrhein-Westfalen, Johannes Rau<\/p>\n<p>Juni 1990 bis April 1992: Staatssekret\u00e4r im Ministerium f\u00fcr Natur, Umwelt und Landesentwicklung des Landes Schleswig-Holstein<\/p>\n<p>Mai 1992 bis Mai 1993: Staatssekret\u00e4r im Ministerium f\u00fcr Wirtschaft, Technologie und Verkehr des Landes Schleswig-Holstein<\/p>\n<p>Mai 1993 bis Oktober 1998: Minister f\u00fcr Wirtschaft, Technologie und Verkehr des Landes Schleswig-Holstein<\/p>\n<p>seit 1995: Mitglied der Gewerkschaft IG Metall<\/p>\n<p>Oktober 1998 bis Februar 2000: Minister f\u00fcr Wirtschaft und Mittelstand, Technologie und Verkehr des Landes Nordrhein-Westfalen<\/p>\n<p>seit Februar 2000: Finanzminister des Landes Nordrhein-Westfalen<\/p>\n<p>seit 2. Juni 2000: Mitglied des Landtages Nordrhein-Westfalen<\/p>\n","protected":false},"excerpt":{"rendered":"<p>Das Pr\u00e4sidium und der Landesvorstand haben heute einstimmig (bei einer Enthaltung) beschlossen, Peer Steinbr\u00fcck am 2.\u00a0November dem Landesparteitag der NRWSPD als Kandidaten f\u00fcr das Amt des Ministerpr\u00e4sidenten vorzuschlagen.<\/p>\n","protected":false},"author":1,"featured_media":0,"comment_status":"closed","ping_status":"closed","sticky":false,"template":"","format":"standard","meta":{"footnotes":""},"categories":[1],"tags":[],"quellen":[],"class_list":["post-184","post","type-post","status-publish","format-standard","hentry","category-allgemein"],"_links":{"self":[{"href":"https:\/\/meier-gerdingh.de\/wp-spd-ob\/wp-json\/wp\/v2\/posts\/184","targetHints":{"allow":["GET"]}}],"collection":[{"href":"https:\/\/meier-gerdingh.de\/wp-spd-ob\/wp-json\/wp\/v2\/posts"}],"about":[{"href":"https:\/\/meier-gerdingh.de\/wp-spd-ob\/wp-json\/wp\/v2\/types\/post"}],"author":[{"embeddable":true,"href":"https:\/\/meier-gerdingh.de\/wp-spd-ob\/wp-json\/wp\/v2\/users\/1"}],"replies":[{"embeddable":true,"href":"https:\/\/meier-gerdingh.de\/wp-spd-ob\/wp-json\/wp\/v2\/comments?post=184"}],"version-history":[{"count":0,"href":"https:\/\/meier-gerdingh.de\/wp-spd-ob\/wp-json\/wp\/v2\/posts\/184\/revisions"}],"wp:attachment":[{"href":"https:\/\/meier-gerdingh.de\/wp-spd-ob\/wp-json\/wp\/v2\/media?parent=184"}],"wp:term":[{"taxonomy":"category","embeddable":true,"href":"https:\/\/meier-gerdingh.de\/wp-spd-ob\/wp-json\/wp\/v2\/categories?post=184"},{"taxonomy":"post_tag","embeddable":true,"href":"https:\/\/meier-gerdingh.de\/wp-spd-ob\/wp-json\/wp\/v2\/tags?post=184"},{"taxonomy":"quellen","embeddable":true,"href":"https:\/\/meier-gerdingh.de\/wp-spd-ob\/wp-json\/wp\/v2\/quellen?post=184"}],"curies":[{"name":"wp","href":"https:\/\/api.w.org\/{rel}","templated":true}]}}