{"id":185,"date":"2002-06-24T16:00:00","date_gmt":"2002-06-24T14:00:00","guid":{"rendered":"http:\/\/www.meier-gerdingh.de\/spd-oberhausen\/wp\/?p=185"},"modified":"2017-05-12T09:22:20","modified_gmt":"2017-05-12T07:22:20","slug":"petra-kersten-rettig-soll-neue-beigeordnete-fuer-jugend-soziales-gesundheit-und-sport-werden","status":"publish","type":"post","link":"https:\/\/meier-gerdingh.de\/wp-spd-ob\/2002\/06\/24\/petra-kersten-rettig-soll-neue-beigeordnete-fuer-jugend-soziales-gesundheit-und-sport-werden\/","title":{"rendered":"Petra Kersten-Rettig soll neue Beigeordnete f\u00fcr Jugend, Soziales, Gesundheit und Sport werden"},"content":{"rendered":"<div style=\"width: 90px\" class=\"wp-caption alignleft\"><a href=\"http:\/\/meier-gerdingh.de\/wp-spd-ob\/wp-content\/uploads\/kersten_rettig.jpg\"><img decoding=\"async\" class=\"size-full\" src=\"http:\/\/meier-gerdingh.de\/wp-spd-ob\/wp-content\/uploads\/kersten_rettig.jpg\" alt=\"Petra Kersten-Rettig\" width=\"80\" height=\"99\" \/><\/a><p class=\"wp-caption-text\">Petra Kersten-Rettig<\/p><\/div>\n<p>Auf ihrer heutigen Sitzung hat sich die Oberhausener SPD-Fraktion nach einer internen Vorstellung daf\u00fcr ausgesprochen, dem Rat der Stadt die Essenerin Petra Kersten-Rettig als Nachfolgerin des bisherigen Beigeordneten Udo Spiecker vorzuschlagen.<!--more--><\/p>\n<p>Ausschlaggebend f\u00fcr dieses Votum der Fraktion, so die stellvertretenden FraktionsvorsitzendenAnne Jan\u00dfen und Stefan Zimkeit in einer ersten Bewertung, sei, dass mit der amtierenden Betriebsleiterin des Essener Jugendamtes eine ausgewiesene Fachfrau f\u00fcr dieses wichtige kommunalpolitische Feld gewonnen werden kann.<\/p>\n<p>Denn neben sozialer Kompetenz verf\u00fcgt die 49j\u00e4hrige Essenerin auch \u00fcber umfangreiche Erfahrungen in der Zusammenarbeit zwischen Jugend- und Wohlfahrtsverb\u00e4nden und \u00f6ffentlichen Verwaltungen. Eine wichtige berufliche Station im Lebenslauf von Petra Kersten-Rettig ist der Einsatz als Leiterin der Jugendhilfeplanung beim Essener Jugendamt.<\/p>\n","protected":false},"excerpt":{"rendered":"<p>Auf ihrer heutigen Sitzung hat sich die Oberhausener SPD-Fraktion nach einer internen Vorstellung daf\u00fcr ausgesprochen, dem Rat der Stadt die Essenerin Petra Kersten-Rettig als Nachfolgerin des bisherigen Beigeordneten Udo Spiecker&hellip; <\/p>\n","protected":false},"author":1,"featured_media":0,"comment_status":"closed","ping_status":"closed","sticky":false,"template":"","format":"standard","meta":{"footnotes":""},"categories":[1],"tags":[],"quellen":[],"class_list":["post-185","post","type-post","status-publish","format-standard","hentry","category-allgemein"],"_links":{"self":[{"href":"https:\/\/meier-gerdingh.de\/wp-spd-ob\/wp-json\/wp\/v2\/posts\/185","targetHints":{"allow":["GET"]}}],"collection":[{"href":"https:\/\/meier-gerdingh.de\/wp-spd-ob\/wp-json\/wp\/v2\/posts"}],"about":[{"href":"https:\/\/meier-gerdingh.de\/wp-spd-ob\/wp-json\/wp\/v2\/types\/post"}],"author":[{"embeddable":true,"href":"https:\/\/meier-gerdingh.de\/wp-spd-ob\/wp-json\/wp\/v2\/users\/1"}],"replies":[{"embeddable":true,"href":"https:\/\/meier-gerdingh.de\/wp-spd-ob\/wp-json\/wp\/v2\/comments?post=185"}],"version-history":[{"count":0,"href":"https:\/\/meier-gerdingh.de\/wp-spd-ob\/wp-json\/wp\/v2\/posts\/185\/revisions"}],"wp:attachment":[{"href":"https:\/\/meier-gerdingh.de\/wp-spd-ob\/wp-json\/wp\/v2\/media?parent=185"}],"wp:term":[{"taxonomy":"category","embeddable":true,"href":"https:\/\/meier-gerdingh.de\/wp-spd-ob\/wp-json\/wp\/v2\/categories?post=185"},{"taxonomy":"post_tag","embeddable":true,"href":"https:\/\/meier-gerdingh.de\/wp-spd-ob\/wp-json\/wp\/v2\/tags?post=185"},{"taxonomy":"quellen","embeddable":true,"href":"https:\/\/meier-gerdingh.de\/wp-spd-ob\/wp-json\/wp\/v2\/quellen?post=185"}],"curies":[{"name":"wp","href":"https:\/\/api.w.org\/{rel}","templated":true}]}}