{"id":186,"date":"2002-10-15T16:00:00","date_gmt":"2002-10-15T14:00:00","guid":{"rendered":"http:\/\/www.meier-gerdingh.de\/spd-oberhausen\/wp\/?p=186"},"modified":"2017-05-12T09:08:56","modified_gmt":"2017-05-12T07:08:56","slug":"drescher-bleibt-in-oberhausen","status":"publish","type":"post","link":"https:\/\/meier-gerdingh.de\/wp-spd-ob\/2002\/10\/15\/drescher-bleibt-in-oberhausen\/","title":{"rendered":"&#8222;Drescher bleibt in Oberhausen&#8220;"},"content":{"rendered":"<div style=\"width: 150px\" class=\"wp-caption alignleft\"><a href=\"http:\/\/meier-gerdingh.de\/wp-spd-ob\/wp-content\/uploads\/hartmut_schmidt.jpg\"><img decoding=\"async\" class=\"size-full\" src=\"http:\/\/meier-gerdingh.de\/wp-spd-ob\/wp-content\/uploads\/hartmut_schmidt.jpg\" alt=\"\" width=\"140\" height=\"192\" \/><\/a><p class=\"wp-caption-text\">Oberhausens SPD-Chef Hartmut Schmidt<\/p><\/div>\n<p>Der Oberhausener SPD-Vorsitzende Hartmut Schmidt bewertet die Ger\u00fcchte um einen Wechsel von Oberb\u00fcrgermeister Drescher in die Landesregierung NRW als reine Spekulation. Die Oberhausener SPD geht davon aus, dass Burkhard Drescher auch in den kommenden Jahren f\u00fcr unsere Heimatstadt als Oberb\u00fcrgermeister t\u00e4tig sein wird.<!--more--><\/p>\n<p>In einer Reaktion auf die Wechselger\u00fcchte, die in den letzten Tagen von den Medien dargestellt worden sind, meint der Oberhausener SPD-Chef, dass der Oberb\u00fcrgermeister die n\u00e4chsten Jahre politisch aktiv in Oberhausen wahrnehmen wird. Es sei zwar nicht abwegig, Burkhard Drescher mit herausgehobenen Funktionen in Nordrhein-Westfalen in Verbindung zu bringen, da er ausgewiesener Ma\u00dfen ein hervorragender Oberb\u00fcrgermeister mit Tatkraft und Durchsetzungsverm\u00f6gen ist. Dennoch m\u00fcsse man die Kirche im Dorf lassen.<\/p>\n<p>Schmidt weiter: &#8222;Der Oberb\u00fcrgermeister, der Fraktionsvorsitzende Wolfgang Gro\u00dfe Br\u00f6mer und die SPD haben sich in den n\u00e4chsten Jahren f\u00fcr Oberhausen viel vorgenommen. Der Strukturwandel wird weiter forciert, die Arbeitslosigkeit ist unter eine Quote von 10\u00a0% zu senken, die Stadtteile als Heimat vor der Haust\u00fcre werden weiter gest\u00e4rkt. Die B\u00fcrgerinnen und B\u00fcrger haben ein Recht von der SPD, klare Worte \u00fcber die Politik der n\u00e4chsten Jahre zu erfahren.<\/p>\n<p>Es bleibt dabei: Die Bev\u00f6lkerung in Oberhausen kann sich auf ihre SPD<br \/>\nverlassen und auf die Menschen, die daf\u00fcr stehen. Das sind und bleiben Oberb\u00fcrgermeister Drescher, der SPD-Fraktionsvorsitzende Wolfgang Gro\u00dfe Br\u00f6mer, die SPD-Abgeordneten in Bund und Land, die vielen Ratsfrauen und &#8211; m\u00e4nner, die Bezirksvertretungsmitglieder sowie die SPD-Mitglieder, die<br \/>\njeden Tag tatkr\u00e4ftig und engagiert f\u00fcr die Interessen der Oberhausenerinnen und Oberhausener arbeiten.<\/p>\n<p>Die SPD-Oberhausen ist und bleibt die Partei der B\u00fcrgerinnen und B\u00fcrger, die sich in Verantwortung sehen, f\u00fcr ihre Heimatstadt sozialgerechte, umweltbewusste, wirtschaftlich sinnvolle und dem Allgemeinwohl verpflichtende Politik zu gestalten. Wir bleiben die Volkspartei in Oberhausen&#8220;, so Schmidt.<\/p>\n","protected":false},"excerpt":{"rendered":"<p>Der Oberhausener SPD-Vorsitzende Hartmut Schmidt bewertet die Ger\u00fcchte um einen Wechsel von Oberb\u00fcrgermeister Drescher in die Landesregierung NRW als reine Spekulation. Die Oberhausener SPD geht davon aus, dass Burkhard Drescher&hellip; <\/p>\n","protected":false},"author":1,"featured_media":0,"comment_status":"closed","ping_status":"closed","sticky":false,"template":"","format":"standard","meta":{"footnotes":""},"categories":[1],"tags":[],"quellen":[],"class_list":["post-186","post","type-post","status-publish","format-standard","hentry","category-allgemein"],"_links":{"self":[{"href":"https:\/\/meier-gerdingh.de\/wp-spd-ob\/wp-json\/wp\/v2\/posts\/186","targetHints":{"allow":["GET"]}}],"collection":[{"href":"https:\/\/meier-gerdingh.de\/wp-spd-ob\/wp-json\/wp\/v2\/posts"}],"about":[{"href":"https:\/\/meier-gerdingh.de\/wp-spd-ob\/wp-json\/wp\/v2\/types\/post"}],"author":[{"embeddable":true,"href":"https:\/\/meier-gerdingh.de\/wp-spd-ob\/wp-json\/wp\/v2\/users\/1"}],"replies":[{"embeddable":true,"href":"https:\/\/meier-gerdingh.de\/wp-spd-ob\/wp-json\/wp\/v2\/comments?post=186"}],"version-history":[{"count":0,"href":"https:\/\/meier-gerdingh.de\/wp-spd-ob\/wp-json\/wp\/v2\/posts\/186\/revisions"}],"wp:attachment":[{"href":"https:\/\/meier-gerdingh.de\/wp-spd-ob\/wp-json\/wp\/v2\/media?parent=186"}],"wp:term":[{"taxonomy":"category","embeddable":true,"href":"https:\/\/meier-gerdingh.de\/wp-spd-ob\/wp-json\/wp\/v2\/categories?post=186"},{"taxonomy":"post_tag","embeddable":true,"href":"https:\/\/meier-gerdingh.de\/wp-spd-ob\/wp-json\/wp\/v2\/tags?post=186"},{"taxonomy":"quellen","embeddable":true,"href":"https:\/\/meier-gerdingh.de\/wp-spd-ob\/wp-json\/wp\/v2\/quellen?post=186"}],"curies":[{"name":"wp","href":"https:\/\/api.w.org\/{rel}","templated":true}]}}