{"id":192,"date":"2002-11-07T17:00:00","date_gmt":"2002-11-07T15:00:00","guid":{"rendered":"http:\/\/www.meier-gerdingh.de\/spd-oberhausen\/wp\/?p=192"},"modified":"2017-05-12T09:07:04","modified_gmt":"2017-05-12T07:07:04","slug":"projekte-in-sterkrade-sind-auf-einem-guten-weg","status":"publish","type":"post","link":"https:\/\/meier-gerdingh.de\/wp-spd-ob\/2002\/11\/07\/projekte-in-sterkrade-sind-auf-einem-guten-weg\/","title":{"rendered":"Projekte in Sterkrade sind auf einem guten Weg"},"content":{"rendered":"<div style=\"width: 190px\" class=\"wp-caption alignleft\"><a href=\"http:\/\/meier-gerdingh.de\/wp-spd-ob\/wp-content\/uploads\/centerp.jpg\"><img decoding=\"async\" class=\"size-full\" src=\"http:\/\/meier-gerdingh.de\/wp-spd-ob\/wp-content\/uploads\/centerp.jpg\" alt=\"Altes Rathaus Sterkrade\" width=\"180\" height=\"141\" \/><\/a><p class=\"wp-caption-text\">Altes Rathaus Sterkrade<\/p><\/div>\n<p>\u00dcber eine breite Palette von Themen, die f\u00fcr die Entwicklung des Stadtteils Sterkrade wichtig sind, lie\u00dfen sich die SPD-Mitglieder in der Bezirksvertretung Sterkrade auf einer Klausurtagung am letzten Wochenende informieren. Als Referenten hatten die Sozialdemokraten die neue Beigeordnete f\u00fcr Jugend, Soziales, Gesundheit und Sport, Petra Kersten-Rettig, sowie den st\u00e4dtischen Planungsdezernenten Peter Klunk und Ordnungsdezernent Dirk Buttler eingeladen.<!--more--><\/p>\n<p>Mit Interesse nahmen die Kommunalpolitiker den Bericht \u00fcber die Erfolge der Ordnungspartnerschaft Weierheide zur Kenntnis. Hubert Cordes, SPD-Sprecher in der Sterkrader Bezirksvertretung: &#8222;Obwohl die offizielle Ordnungspartnerschaft nach \u00e4u\u00dferst erfolgreicher Arbeit und messbaren Ergebnissen Ende November ihre Arbeit beenden wird, wollen die verschiedenen Akteure selbstst\u00e4ndig weiter in diesem Bereich t\u00e4tig sein. Die Verwaltung hat angek\u00fcndigt, weiter an entsprechenden Konzepten zu arbeiten und diese umzusetzen.&#8220;<\/p>\n<p>Bez\u00fcglich des Stra\u00dfenbauprogramms erl\u00e4uterte Peter Klunk die zeitliche Planung f\u00fcr die Holtener Stra\u00dfe. Auch wenn der Ausbau erst im Jahr 2005 erfolgen wird, begr\u00fc\u00dften die Bezirksvertreter ausdr\u00fccklich diese gro\u00dfe Bauma\u00dfnahme. Dieter Jan\u00dfen, Bezirksvorsteher von Sterkrade: &#8222;Durch diese Zeitplanung wird eine \u00dcberschneidung mit der anstehenden Gro\u00dfbaustelle Ost-\/West-Rampe vermieden und der Verkehrsfluss in Sterkrade nicht durch unn\u00f6tige Umleitungen behindert.&#8220; Bereits vorher soll die Verwaltung nach dem Willen der Sozialdemokraten jedoch pr\u00fcfen, ob eine Ummarkierung der Holtener Stra\u00dfe im Bereich des Hallenbades zu einer Beschleunigung des Verkehrs und zu einer Entsch\u00e4rfung der Gef\u00e4hrdungssituation im Kreuzungsbereich beitragen kann.<\/p>\n<p>Ebenfalls berichtet wurde \u00fcber den Sachstand hinsichtlich der Folgenutzung des GHH-Gel\u00e4ndes in Sterkrade. Wie bekannt, sind hier Altlasten gefunden worden, die eine reine Wohnbebauung nach derzeitiger Erkenntnis nicht zulassen. Deshalb werden zur Zeit intensiv alternative Nutzungsm\u00f6glichkeiten diskutiert. Hubert Cordes k\u00fcndigte in diesem Zusammenhang an, dass die SPD-Bezirksvertreter auf eine innenstadtvertr\u00e4gliche Nutzung achten und f\u00fcr eine fr\u00fchzeitige B\u00fcrgerinformation sorgen werden.<\/p>\n<p>Erfreut zeigten sich die Klausurteilnehmer auch \u00fcber den Sachstandsbericht zur geplanten Trendsportanlage auf dem ehemaligen Zechengel\u00e4nde an der Weierstra\u00dfe. &#8222;Die Planungen&#8220;, so Bezirksvorsteher Dieter Jan\u00dfen, nehmen nun konkrete Formen an und lassen auf eine baldige Umsetzung hoffen.&#8220; Besichtigt werden kann auf dem Gel\u00e4nde bereits jetzt eine Modellierung, welche die Ausma\u00dfe dieser f\u00fcr die Sterkrader Jugendlichen so wichtigen Trendsportanlage andeutet. Vor der endg\u00fcltigen Umsetzung sind allerdings noch einige planungsrechtliche Grundlagen zu pr\u00fcfen. Die notwendigen Prozesse sind nach Aussage der Verwaltung angelaufen.<\/p>\n<p>&#8222;Insgesamt waren die Informationen und Berichte f\u00fcr die Bezirksvertreter weitreichend und lassen f\u00fcr Sterkrade eine positive Zukunft erwarten&#8220;, so Hubert Cordes abschlie\u00dfend. &#8222;Insbesondere die Themen Wohnen, Verkehr, Handel und Jugend werden in den n\u00e4chsten Jahren die Arbeit der SPD-Fraktion in Sterkrade begleiten. Hier wollen wir die Interessen der Sterkrader B\u00fcrger und Kaufleute vertreten und zu einer weiterhin positiven Entwicklung unseres Stadtteils beitragen.&#8220;<\/p>\n","protected":false},"excerpt":{"rendered":"<p>\u00dcber eine breite Palette von Themen, die f\u00fcr die Entwicklung des Stadtteils Sterkrade wichtig sind, lie\u00dfen sich die SPD-Mitglieder in der Bezirksvertretung Sterkrade auf einer Klausurtagung am letzten Wochenende informieren.&hellip; <\/p>\n","protected":false},"author":1,"featured_media":0,"comment_status":"closed","ping_status":"closed","sticky":false,"template":"","format":"standard","meta":{"footnotes":""},"categories":[1],"tags":[],"quellen":[],"class_list":["post-192","post","type-post","status-publish","format-standard","hentry","category-allgemein"],"_links":{"self":[{"href":"https:\/\/meier-gerdingh.de\/wp-spd-ob\/wp-json\/wp\/v2\/posts\/192","targetHints":{"allow":["GET"]}}],"collection":[{"href":"https:\/\/meier-gerdingh.de\/wp-spd-ob\/wp-json\/wp\/v2\/posts"}],"about":[{"href":"https:\/\/meier-gerdingh.de\/wp-spd-ob\/wp-json\/wp\/v2\/types\/post"}],"author":[{"embeddable":true,"href":"https:\/\/meier-gerdingh.de\/wp-spd-ob\/wp-json\/wp\/v2\/users\/1"}],"replies":[{"embeddable":true,"href":"https:\/\/meier-gerdingh.de\/wp-spd-ob\/wp-json\/wp\/v2\/comments?post=192"}],"version-history":[{"count":0,"href":"https:\/\/meier-gerdingh.de\/wp-spd-ob\/wp-json\/wp\/v2\/posts\/192\/revisions"}],"wp:attachment":[{"href":"https:\/\/meier-gerdingh.de\/wp-spd-ob\/wp-json\/wp\/v2\/media?parent=192"}],"wp:term":[{"taxonomy":"category","embeddable":true,"href":"https:\/\/meier-gerdingh.de\/wp-spd-ob\/wp-json\/wp\/v2\/categories?post=192"},{"taxonomy":"post_tag","embeddable":true,"href":"https:\/\/meier-gerdingh.de\/wp-spd-ob\/wp-json\/wp\/v2\/tags?post=192"},{"taxonomy":"quellen","embeddable":true,"href":"https:\/\/meier-gerdingh.de\/wp-spd-ob\/wp-json\/wp\/v2\/quellen?post=192"}],"curies":[{"name":"wp","href":"https:\/\/api.w.org\/{rel}","templated":true}]}}