{"id":193,"date":"2002-11-13T17:00:00","date_gmt":"2002-11-13T15:00:00","guid":{"rendered":"http:\/\/www.meier-gerdingh.de\/spd-oberhausen\/wp\/?p=193"},"modified":"2017-05-12T09:06:49","modified_gmt":"2017-05-12T07:06:49","slug":"nrwspd-generalsekretaer-michael-groschek-ist-hauptredner","status":"publish","type":"post","link":"https:\/\/meier-gerdingh.de\/wp-spd-ob\/2002\/11\/13\/nrwspd-generalsekretaer-michael-groschek-ist-hauptredner\/","title":{"rendered":"NRWSPD-Generalsekret\u00e4r Michael Groschek ist Hauptredner"},"content":{"rendered":"<div style=\"width: 150px\" class=\"wp-caption alignleft\"><a href=\"http:\/\/meier-gerdingh.de\/wp-spd-ob\/wp-content\/uploads\/groschek_rede.jpg\"><img decoding=\"async\" class=\"size-full\" src=\"http:\/\/meier-gerdingh.de\/wp-spd-ob\/wp-content\/uploads\/groschek_rede.jpg\" alt=\"Michael Groschek, MdL - Generalsekret\u00e4r der NRWSPD\" width=\"140\" height=\"186\" \/><\/a><p class=\"wp-caption-text\">Michael Groschek, MdL &#8211; Generalsekret\u00e4r der NRWSPD<\/p><\/div>\n<p>Der Generalsekret\u00e4r der nordrhein-westf\u00e4lischen SPD, Michael Groschek, MdL aus Oberhausen, wird<br \/>\nauf dem kommenden Unterbezirksparteitag der \u00f6rtlichen Sozialdemokraten am Montag, 18.\u00a0November 2002, 17.00 Uhr, in der Luise-Albertz-Halle zu den Delegierten der Oberhausener Ortsvereine sprechen.<!--more--><\/p>\n<p>Kurz nach der Kabinettsumbildung im Land und den Bundestagswahlen wird Michael Groschek auf die Politik in Bund und Land eingehen.<\/p>\n<p>Die Oberhausener Delegierten kommen aber auch zusammen, um sich neben dem Referat von Michael Groschek mit der Neufassung ihrer Parteisatzung zu besch\u00e4ftigen.<\/p>\n<p>Anregungen und Vorschl\u00e4gen einer SPD-Projektgruppe zum Thema &#8222;SPD 2002&#8220; folgend, die in den vergangenen 12 Monaten getagt hat, wird die hiesige Unterbezirkssatzung u\u00a0a. dahingehend angepasst, dass die thematische und zeitliche Mitarbeit in der SPD auf Stadt- und Ortsvereinsebene f\u00fcr Interessierte auch ohne Parteibuch erleichtert wird.<\/p>\n<p>SPD-Vorsitzender Hartmut Schmidt: &#8222;Wir wollen so eine weitere \u00d6ffnung unserer Partei erreichen und den traditionell guten roten Gespr\u00e4chsfaden in Oberhausen zwischen SPD und den B\u00fcrgerinnen und B\u00fcrgern sowie den Vereinen und Verb\u00e4nden weiter festigen.&#8220;<\/p>\n","protected":false},"excerpt":{"rendered":"<p>Der Generalsekret\u00e4r der nordrhein-westf\u00e4lischen SPD, Michael Groschek, MdL aus Oberhausen, wird auf dem kommenden Unterbezirksparteitag der \u00f6rtlichen Sozialdemokraten am Montag, 18.\u00a0November 2002, 17.00 Uhr, in der Luise-Albertz-Halle zu den Delegierten&hellip; <\/p>\n","protected":false},"author":1,"featured_media":0,"comment_status":"closed","ping_status":"closed","sticky":false,"template":"","format":"standard","meta":{"footnotes":""},"categories":[1],"tags":[],"quellen":[],"class_list":["post-193","post","type-post","status-publish","format-standard","hentry","category-allgemein"],"_links":{"self":[{"href":"https:\/\/meier-gerdingh.de\/wp-spd-ob\/wp-json\/wp\/v2\/posts\/193","targetHints":{"allow":["GET"]}}],"collection":[{"href":"https:\/\/meier-gerdingh.de\/wp-spd-ob\/wp-json\/wp\/v2\/posts"}],"about":[{"href":"https:\/\/meier-gerdingh.de\/wp-spd-ob\/wp-json\/wp\/v2\/types\/post"}],"author":[{"embeddable":true,"href":"https:\/\/meier-gerdingh.de\/wp-spd-ob\/wp-json\/wp\/v2\/users\/1"}],"replies":[{"embeddable":true,"href":"https:\/\/meier-gerdingh.de\/wp-spd-ob\/wp-json\/wp\/v2\/comments?post=193"}],"version-history":[{"count":0,"href":"https:\/\/meier-gerdingh.de\/wp-spd-ob\/wp-json\/wp\/v2\/posts\/193\/revisions"}],"wp:attachment":[{"href":"https:\/\/meier-gerdingh.de\/wp-spd-ob\/wp-json\/wp\/v2\/media?parent=193"}],"wp:term":[{"taxonomy":"category","embeddable":true,"href":"https:\/\/meier-gerdingh.de\/wp-spd-ob\/wp-json\/wp\/v2\/categories?post=193"},{"taxonomy":"post_tag","embeddable":true,"href":"https:\/\/meier-gerdingh.de\/wp-spd-ob\/wp-json\/wp\/v2\/tags?post=193"},{"taxonomy":"quellen","embeddable":true,"href":"https:\/\/meier-gerdingh.de\/wp-spd-ob\/wp-json\/wp\/v2\/quellen?post=193"}],"curies":[{"name":"wp","href":"https:\/\/api.w.org\/{rel}","templated":true}]}}