{"id":195,"date":"2002-11-20T17:00:00","date_gmt":"2002-11-20T15:00:00","guid":{"rendered":"http:\/\/www.meier-gerdingh.de\/spd-oberhausen\/wp\/?p=195"},"modified":"2017-05-12T09:06:04","modified_gmt":"2017-05-12T07:06:04","slug":"finanzperspektive-auch-fuer-oberhausen","status":"publish","type":"post","link":"https:\/\/meier-gerdingh.de\/wp-spd-ob\/2002\/11\/20\/finanzperspektive-auch-fuer-oberhausen\/","title":{"rendered":"Finanzperspektive auch f\u00fcr Oberhausen"},"content":{"rendered":"<div style=\"width: 150px\" class=\"wp-caption alignleft\"><a href=\"http:\/\/meier-gerdingh.de\/wp-spd-ob\/wp-content\/uploads\/landtagganz1.jpg\"><img decoding=\"async\" class=\"size-full\" src=\"http:\/\/meier-gerdingh.de\/wp-spd-ob\/wp-content\/uploads\/landtagganz1.jpg\" alt=\"Landtag von Nordrhein-Westfalen\" width=\"140\" height=\"187\" \/><\/a><p class=\"wp-caption-text\">Landtag von Nordrhein-Westfalen<\/p><\/div>\n<p>Nachdem auf Initiative des Landes Nordrhein-Westfalen die Reform der Gemeindefinanzen in der politischen Tagesordnung der Bundesregierung fest verankert ist, hat Ministerpr\u00e4sident Peer Steinbr\u00fcck mit seiner heutigen Regierungserkl\u00e4rung einen weiteren Eckpfeiler und ein deutliches Ausrufezeichen zur Verbesserung der Gemeindefinanzen gesetzt.<!--more--><\/p>\n<p>Die Wiedereinf\u00fchrung der Verm\u00f6genssteuer, deren Aufkommen nach aktuellen Sch\u00e4tzungen unter Abzug des Verwaltungsaufwandes bei rd. 1\u00a0Mrd. Euro in NRW liegen wird, soll nach Auffassung des neuen NRW-Ministerpr\u00e4sidenten Peer Steinbr\u00fcck zweckgebunden zu zwei Dritteln der Bildungsfinanzierung und zu einem Drittel unmittelbar den Kommunen f\u00fcr Investitionen bereitgestellt werden.<\/p>\n<p>&#8222;Von den hierdurch zu erwarteten zus\u00e4tzlichen Einnahmen in H\u00f6he von rd. 300\u00a0Mio. Euro&#8220;, so Michael Groschek, &#8222;wird ein erklecklicher Betrag f\u00fcr Investitionsma\u00dfnahmen in Oberhausen landen.&#8220; Wolfgang Gro\u00dfe Br\u00f6mer: &#8222;Besonders wichtig ist, dass mit den beabsichtigten Freigrenzen in H\u00f6he von 1\u00a0Mio. Euro f\u00fcr die Verm\u00f6gensteuer tats\u00e4chlich nur eine Besteuerung wirklich gro\u00dfer Verm\u00f6gen beabsichtigt ist und die unter 1\u00a0Mio. Euro liegenden &amp;039;Notgroschen&amp;039; von Otto und Lieselotte Normalverbraucher unangetastet von dieser neuen Steuer bleiben.&#8220;<\/p>\n<p>Der Ministerpr\u00e4sident hat in seiner heutigen Regierungserkl\u00e4rung hierzu konkret angek\u00fcndigt, dass NRW gemeinsam mit dem Land Niedersachsen einen entsprechenden Gesetzesentwurf noch im November vorlegen und im ersten Quartal des n\u00e4chsten Jahres in die L\u00e4nderkammer in Berlin einbringen wird.<\/p>\n","protected":false},"excerpt":{"rendered":"<p>Nachdem auf Initiative des Landes Nordrhein-Westfalen die Reform der Gemeindefinanzen in der politischen Tagesordnung der Bundesregierung fest verankert ist, hat Ministerpr\u00e4sident Peer Steinbr\u00fcck mit seiner heutigen Regierungserkl\u00e4rung einen weiteren Eckpfeiler&hellip; <\/p>\n","protected":false},"author":1,"featured_media":0,"comment_status":"closed","ping_status":"closed","sticky":false,"template":"","format":"standard","meta":{"footnotes":""},"categories":[1],"tags":[],"quellen":[],"class_list":["post-195","post","type-post","status-publish","format-standard","hentry","category-allgemein"],"_links":{"self":[{"href":"https:\/\/meier-gerdingh.de\/wp-spd-ob\/wp-json\/wp\/v2\/posts\/195","targetHints":{"allow":["GET"]}}],"collection":[{"href":"https:\/\/meier-gerdingh.de\/wp-spd-ob\/wp-json\/wp\/v2\/posts"}],"about":[{"href":"https:\/\/meier-gerdingh.de\/wp-spd-ob\/wp-json\/wp\/v2\/types\/post"}],"author":[{"embeddable":true,"href":"https:\/\/meier-gerdingh.de\/wp-spd-ob\/wp-json\/wp\/v2\/users\/1"}],"replies":[{"embeddable":true,"href":"https:\/\/meier-gerdingh.de\/wp-spd-ob\/wp-json\/wp\/v2\/comments?post=195"}],"version-history":[{"count":0,"href":"https:\/\/meier-gerdingh.de\/wp-spd-ob\/wp-json\/wp\/v2\/posts\/195\/revisions"}],"wp:attachment":[{"href":"https:\/\/meier-gerdingh.de\/wp-spd-ob\/wp-json\/wp\/v2\/media?parent=195"}],"wp:term":[{"taxonomy":"category","embeddable":true,"href":"https:\/\/meier-gerdingh.de\/wp-spd-ob\/wp-json\/wp\/v2\/categories?post=195"},{"taxonomy":"post_tag","embeddable":true,"href":"https:\/\/meier-gerdingh.de\/wp-spd-ob\/wp-json\/wp\/v2\/tags?post=195"},{"taxonomy":"quellen","embeddable":true,"href":"https:\/\/meier-gerdingh.de\/wp-spd-ob\/wp-json\/wp\/v2\/quellen?post=195"}],"curies":[{"name":"wp","href":"https:\/\/api.w.org\/{rel}","templated":true}]}}