{"id":196,"date":"2002-11-26T17:00:00","date_gmt":"2002-11-26T15:00:00","guid":{"rendered":"http:\/\/www.meier-gerdingh.de\/spd-oberhausen\/wp\/?p=196"},"modified":"2017-05-12T09:05:37","modified_gmt":"2017-05-12T07:05:37","slug":"spd-fraktion-begruesst-vorschlag-der-verwaltung-suedbad-nicht-zu-schliessen","status":"publish","type":"post","link":"https:\/\/meier-gerdingh.de\/wp-spd-ob\/2002\/11\/26\/spd-fraktion-begruesst-vorschlag-der-verwaltung-suedbad-nicht-zu-schliessen\/","title":{"rendered":"SPD-Fraktion begr\u00fc\u00dft Vorschlag der Verwaltung, S\u00fcdbad nicht zu schlie\u00dfen"},"content":{"rendered":"<div style=\"width: 150px\" class=\"wp-caption alignleft\"><a href=\"http:\/\/meier-gerdingh.de\/wp-spd-ob\/wp-content\/uploads\/grosse_broemer_rede.jpg\"><img decoding=\"async\" class=\"size-full\" src=\"http:\/\/meier-gerdingh.de\/wp-spd-ob\/wp-content\/uploads\/grosse_broemer_rede.jpg\" alt=\"Wolfgang Gro\u00dfe Br\u00f6mer, MdL - SPD-Fraktionsvorsitzender\" width=\"140\" height=\"186\" \/><\/a><p class=\"wp-caption-text\">Wolfgang Gro\u00dfe Br\u00f6mer, MdL &#8211; SPD-Fraktionsvorsitzender<\/p><\/div>\n<p>In seiner gestrigen Sitzung hat sich der Vorstand der SPD-Ratsfraktion intensiv mit aktuellen Vorschl\u00e4gen der Verwaltung zur Neuausrichtung des B\u00e4derwesens besch\u00e4ftigt. Hierzu hatte die Verwaltung auf Antrag der SPD-Fraktion per Ratsbeschluss im Juni den Pr\u00fcfauftrag erhalten, ob die vorgeschlagenen Ma\u00dfnahmen, sowohl das S\u00fcdbad als auch das Stadion Niederrhein zu schlie\u00dfen, ohne Einschr\u00e4nkungen im Schul- und Vereinsschwimmen und unter realistischer Folgenutzung der Alt-Immobilien umsetzbar sind und haushaltsentlastende Effekte haben.<!--more--><\/p>\n<p>Zum S\u00fcdbad ist nach aktuellem Stand festzuhalten, dass die jetzt f\u00fcr den Sport zust\u00e4ndige Beigeordnete, Petra Kersten-Rettig, den politischen Gremien nunmehr keine vollst\u00e4ndige Schlie\u00dfung vorschl\u00e4gt, sondern stattdessen einen Weg priorisiert, das Sportbad-S\u00fcd an der Lothringer Stra\u00dfe dauerhaft zu erhalten. Hierzu soll das Bad dem Stadtsportbund mit seinen angeschlossenen Vereinen \u00fcbertragen werden.<\/p>\n<p>&#8222;Damit wird in einem ersten Schritt gew\u00e4hrleistet, dass das Schul- und Vereinsschwimmen verl\u00e4sslich in Alt-Oberhausen abgesichert wird&#8220;, so der SPD-Fraktionsvorsitzende Wolfgang Gro\u00dfe Br\u00f6mer.<\/p>\n<p>In der Diskussion des SPD-Fraktionsvorstandes ist dar\u00fcber hinaus festgehalten geworden, dass auch zur Sicherung der \u00f6ffentlichen Badezeiten erg\u00e4nzende \u00dcberlegungen anzustellen sind. Denkbar w\u00e4re, dass der \u00f6ffentliche Badebetrieb im S\u00fcdbad \u00fcber intelligent gestaltete Vereinsanbindung oder mit entsprechenden Kursgestaltungen aufrecht erhalten und so auch Kostendeckungsbeitr\u00e4ge erzielt werden k\u00f6nnen. Diese \u00dcberlegungen sind allerdings in weiteren Verfahrensschritten zu konkretisieren.<\/p>\n<p>Ein gleiches Grundkonzept schl\u00e4gt die Verwaltung auch f\u00fcr das Osterfelder Hallenbad vor. Der seit jeher bestehende Vorschlag, die Verantwortung auf den Stadtsportbund und seinen Vereinen zu \u00fcbertragen, soll nunmehr mit Priorit\u00e4t abgearbeitet werden. Auch hier gilt, dass Schul- und Vereinssport in einem ersten Schritt dauerhaft abgesichert werden.<\/p>\n<p>Schweren Herzens hat der SPD-Fraktionsvorstand bei der Diskussion des sogenannten B\u00e4derpakets, das dem Rat der Stadt bereits in seiner n\u00e4chsten Sitzung am 16.\u00a0Dezember zur Beschlussfassung vorgelegt werden soll, zur Kenntnis genommen, dass die Verwaltung zu einer Umnutzung des Freibades Stadion Niederrhein insbesondere unter finanziellen Gesichtspunkten keine realistische Alternative sieht.<\/p>\n<p>Die aktuellen Planungen sehen im Detail vor, die bisherigen Wasserbecken umzubauen und in Rollhockey-, Inlineskating- und Streetbasketballfl\u00e4chen umzuwandeln. Dar\u00fcber hinaus sollen die Freifl\u00e4chen mit Spiel- und Grillpl\u00e4tzen aufgewertet und die Aufenthaltsqualit\u00e4t so nicht nur insgesamt gesteigert werden, sondern auch \u00fcber die Hundstage im Sommer hinaus soll ein attraktives sportorientiertes Freizeitangebot gemacht werden.<\/p>\n<p>&#8222;F\u00fcr meine Fraktion gilt nach wie vor die Ma\u00dfgabe, das unmittelbare Umfeld des Stadion Niederrheins zu einer nichtkommerziellen Sport- und Freizeitfl\u00e4che aufzuwerten&#8220;, so Wolfgang Gro\u00dfe Br\u00f6mer abschlie\u00dfend.<\/p>\n","protected":false},"excerpt":{"rendered":"<p>In seiner gestrigen Sitzung hat sich der Vorstand der SPD-Ratsfraktion intensiv mit aktuellen Vorschl\u00e4gen der Verwaltung zur Neuausrichtung des B\u00e4derwesens besch\u00e4ftigt. Hierzu hatte die Verwaltung auf Antrag der SPD-Fraktion per&hellip; <\/p>\n","protected":false},"author":1,"featured_media":0,"comment_status":"closed","ping_status":"closed","sticky":false,"template":"","format":"standard","meta":{"footnotes":""},"categories":[1],"tags":[],"quellen":[],"class_list":["post-196","post","type-post","status-publish","format-standard","hentry","category-allgemein"],"_links":{"self":[{"href":"https:\/\/meier-gerdingh.de\/wp-spd-ob\/wp-json\/wp\/v2\/posts\/196","targetHints":{"allow":["GET"]}}],"collection":[{"href":"https:\/\/meier-gerdingh.de\/wp-spd-ob\/wp-json\/wp\/v2\/posts"}],"about":[{"href":"https:\/\/meier-gerdingh.de\/wp-spd-ob\/wp-json\/wp\/v2\/types\/post"}],"author":[{"embeddable":true,"href":"https:\/\/meier-gerdingh.de\/wp-spd-ob\/wp-json\/wp\/v2\/users\/1"}],"replies":[{"embeddable":true,"href":"https:\/\/meier-gerdingh.de\/wp-spd-ob\/wp-json\/wp\/v2\/comments?post=196"}],"version-history":[{"count":0,"href":"https:\/\/meier-gerdingh.de\/wp-spd-ob\/wp-json\/wp\/v2\/posts\/196\/revisions"}],"wp:attachment":[{"href":"https:\/\/meier-gerdingh.de\/wp-spd-ob\/wp-json\/wp\/v2\/media?parent=196"}],"wp:term":[{"taxonomy":"category","embeddable":true,"href":"https:\/\/meier-gerdingh.de\/wp-spd-ob\/wp-json\/wp\/v2\/categories?post=196"},{"taxonomy":"post_tag","embeddable":true,"href":"https:\/\/meier-gerdingh.de\/wp-spd-ob\/wp-json\/wp\/v2\/tags?post=196"},{"taxonomy":"quellen","embeddable":true,"href":"https:\/\/meier-gerdingh.de\/wp-spd-ob\/wp-json\/wp\/v2\/quellen?post=196"}],"curies":[{"name":"wp","href":"https:\/\/api.w.org\/{rel}","templated":true}]}}