{"id":197,"date":"2002-11-26T17:00:00","date_gmt":"2002-11-26T15:00:00","guid":{"rendered":"http:\/\/www.meier-gerdingh.de\/spd-oberhausen\/wp\/?p=197"},"modified":"2017-05-12T09:05:50","modified_gmt":"2017-05-12T07:05:50","slug":"erster-schritt-in-die-richtige-richtung","status":"publish","type":"post","link":"https:\/\/meier-gerdingh.de\/wp-spd-ob\/2002\/11\/26\/erster-schritt-in-die-richtige-richtung\/","title":{"rendered":"Erster Schritt in die richtige Richtung"},"content":{"rendered":"<div style=\"width: 150px\" class=\"wp-caption alignleft\"><a href=\"http:\/\/meier-gerdingh.de\/wp-spd-ob\/wp-content\/uploads\/janssena.jpg\"><img decoding=\"async\" class=\"size-full\" src=\"http:\/\/meier-gerdingh.de\/wp-spd-ob\/wp-content\/uploads\/janssena.jpg\" alt=\"Anne Jan\u00dfen - Stellvertretende SPD-Fraktionsvorsitzende\" width=\"140\" height=\"181\" \/><\/a><p class=\"wp-caption-text\">Anne Jan\u00dfen &#8211; Stellvertretende SPD-Fraktionsvorsitzende<\/p><\/div>\n<p>Der Vorstand der SPD-Ratsfraktion hat gestern unter Leitung durch die stellv. Fraktionsvorsitzende Anne Jan\u00dfen in einer gemeinsamen Sitzung mit dem zust\u00e4ndigen Fraktionsarbeitskreis das Konzept der Verwaltung zur Neuorganisation des kommunalen Ordnungsdienstes bewertet. Diese neue Konzeption wurde vorgestellt durch den zust\u00e4ndigen Beigeordneten der Stadt Oberhausen, Dirk Buttler (CDU).<!--more--><\/p>\n<p>Festzuhalten ist, dass die Mitglieder der SPD-Ratsfraktion den Reorganisationsvorschlag der Verwaltung zum kommunalen Ordnungsdienst als gr\u00fcndliche Aufarbeitung der Thematik begr\u00fc\u00dfen, aber noch Erg\u00e4nzungsbedarf sehen.<\/p>\n<p>Anne Jan\u00dfen: &#8222;Die SPD-Fraktion hat die Verwaltung im Fr\u00fchjahr mit einem konkreten Handlungsauftrag ausgestattet mit der Priorit\u00e4t, einen gemeinsamen Streifendienst durch Polizei und Ordnungsbeh\u00f6rde einzuf\u00fchren. Dieser Auftrag beinhaltet 3 konkrete Aspekte: Zum einen sind st\u00e4dtischerseits personelle und organisatorische Grundlagen in einem Reorganisationsvorschlag aufzuarbeiten, das Ordnungsrecht der Stadt ist in einem weiteren Schritt zu entr\u00fcmpeln und neuen Anforderungen anzupassen, bevor letztlich mit der Polizei Verhandlungen zu konkretisieren sind, den gemeinsamen Streifendienst einzurichten.&#8220;<\/p>\n<p>Vor diesem Hintergrund sind sich die Mitglieder der SPD-Ratfraktion in der Bewertung einig, dass mit der aktuellen Verwaltungsvorlage ein zentraler Baustein durch die Verwaltung als Voraussetzung f\u00fcr folgende Verhandlungen mit der Polizei erledigt worden ist. Eine abschlie\u00dfende Bewertung ist nach Auffassung der Sozialdemokraten in der weiteren Konkretisierung unter Ber\u00fccksichtigung aller Teilaspekte vorzunehmen.<\/p>\n<p>Hierzu machte Herr Buttler deutlich, dass die anstehenden Verhandlungen mit der Polizei auf Grundlage dieser Reorganisation mit der Zeitperspektive zu intensivieren sind, den Gremien des Rates zum Sommer einen abschlie\u00dfenden Vorschlag zu unterbreiten.<\/p>\n<p>Besonders wichtig ist den Mitgliedern der SPD-Fraktion in der ersten Bewertung, dass bei der Neuausrichtung des kommunalen Ordndungsdienstes und bei der beabsichtigten Zusammenarbeit mit der Polizei nach wie vor der Grundsatz &#8222;Belehren statt bestrafen&#8220; im Mittelpunkt steht und dies insbesondere auch bei der Umsetzung dieser neuen Konzeption durch eine &#8222;behutsame Einf\u00fchrungsphase&#8220; ber\u00fccksichtigt wird.<\/p>\n","protected":false},"excerpt":{"rendered":"<p>Der Vorstand der SPD-Ratsfraktion hat gestern unter Leitung durch die stellv. Fraktionsvorsitzende Anne Jan\u00dfen in einer gemeinsamen Sitzung mit dem zust\u00e4ndigen Fraktionsarbeitskreis das Konzept der Verwaltung zur Neuorganisation des kommunalen&hellip; <\/p>\n","protected":false},"author":1,"featured_media":0,"comment_status":"closed","ping_status":"closed","sticky":false,"template":"","format":"standard","meta":{"footnotes":""},"categories":[1],"tags":[],"quellen":[],"class_list":["post-197","post","type-post","status-publish","format-standard","hentry","category-allgemein"],"_links":{"self":[{"href":"https:\/\/meier-gerdingh.de\/wp-spd-ob\/wp-json\/wp\/v2\/posts\/197","targetHints":{"allow":["GET"]}}],"collection":[{"href":"https:\/\/meier-gerdingh.de\/wp-spd-ob\/wp-json\/wp\/v2\/posts"}],"about":[{"href":"https:\/\/meier-gerdingh.de\/wp-spd-ob\/wp-json\/wp\/v2\/types\/post"}],"author":[{"embeddable":true,"href":"https:\/\/meier-gerdingh.de\/wp-spd-ob\/wp-json\/wp\/v2\/users\/1"}],"replies":[{"embeddable":true,"href":"https:\/\/meier-gerdingh.de\/wp-spd-ob\/wp-json\/wp\/v2\/comments?post=197"}],"version-history":[{"count":0,"href":"https:\/\/meier-gerdingh.de\/wp-spd-ob\/wp-json\/wp\/v2\/posts\/197\/revisions"}],"wp:attachment":[{"href":"https:\/\/meier-gerdingh.de\/wp-spd-ob\/wp-json\/wp\/v2\/media?parent=197"}],"wp:term":[{"taxonomy":"category","embeddable":true,"href":"https:\/\/meier-gerdingh.de\/wp-spd-ob\/wp-json\/wp\/v2\/categories?post=197"},{"taxonomy":"post_tag","embeddable":true,"href":"https:\/\/meier-gerdingh.de\/wp-spd-ob\/wp-json\/wp\/v2\/tags?post=197"},{"taxonomy":"quellen","embeddable":true,"href":"https:\/\/meier-gerdingh.de\/wp-spd-ob\/wp-json\/wp\/v2\/quellen?post=197"}],"curies":[{"name":"wp","href":"https:\/\/api.w.org\/{rel}","templated":true}]}}