{"id":1978,"date":"2014-10-29T12:20:28","date_gmt":"2014-10-29T10:20:28","guid":{"rendered":"http:\/\/www.meier-gerdingh.de\/spd-oberhausen\/wp\/?p=1978"},"modified":"2017-01-03T16:28:49","modified_gmt":"2017-01-03T15:28:49","slug":"bob-aussagen-pro-kinderarbeit-sorgen-fuer-betroffenheit","status":"publish","type":"post","link":"https:\/\/meier-gerdingh.de\/wp-spd-ob\/2014\/10\/29\/bob-aussagen-pro-kinderarbeit-sorgen-fuer-betroffenheit\/","title":{"rendered":"BOB-Aussagen pro Kinderarbeit sorgen f\u00fcr Betroffenheit"},"content":{"rendered":"<div id=\"attachment_1359\" style=\"width: 150px\" class=\"wp-caption alignleft\"><a href=\"http:\/\/meier-gerdingh.de\/wp-spd-ob\/wp-content\/uploads\/flore_manfred_14.jpg\"><img aria-describedby=\"caption-attachment-1359\" decoding=\"async\" class=\"size-full wp-image-1359\" src=\"http:\/\/meier-gerdingh.de\/wp-spd-ob\/wp-content\/uploads\/flore_manfred_14.jpg\" alt=\"Manfred Flore ist umwelt- und kulturpolitischer Sprecher der SPD-Fraktion\" width=\"140\" height=\"169\" \/><\/a><p id=\"caption-attachment-1359\" class=\"wp-caption-text\">Manfred Flore ist umwelt- und kulturpolitischer Sprecher der SPD-Fraktion<\/p><\/div>\n<p>Mit gro\u00dfem Befremden reagiert Manfred Flore, umweltpolitischer Sprecher der SPD-Fraktion, auf die \u00c4u\u00dferungen von BOB-Vertreter Werner Nowak, der sich in der letzten Sitzung des Umweltausschusses f\u00fcr Kinderarbeit ausgesprochen hatte. &#8222;Herr Nowak (BOB) hat sich in der Diskussion zur Frage eines Verbots von Grabsteinen aus Kinderarbeit eindeutig disqualifiziert. Sein Pl\u00e4doyer f\u00fcr Kinderarbeit zur Finanzierung ihrer Familien und damit f\u00fcr die schlimme Ausbeutung von tausenden von Minderj\u00e4hrigen weltweit hat f\u00fcr Betroffenheit gesorgt&#8220;, sagt Flore.<!--more--><\/p>\n<p>&#8222;Richtig ist, dass im Kampf gegen Kinderarbeit Alternativen, zum Beispiel im Bildungsbereich, geschaffen werden m\u00fcssen und eine L\u00f6sung der globalen Armutsproblematik nicht von heute auf morgen in Sicht ist. Gerade unsere Stadt hat aber im Rahmen der Lokalen Agenda Oberhausen und dem Erreichen des Siegels &#8218;Fair-Trade-Town&#8216; im letzten Jahr ein Zeichen zur Armutsbek\u00e4mpfung gesetzt. Umso mehr irritiert jetzt die Positionierung von BOB, die sich der klaren Missbilligung von Kinderarbeit nicht anschlie\u00dfen&#8220;, erl\u00e4utert Flore.<\/p>\n<p>Anlass der Debatte im Umweltausschuss war ein Antrag der Linken zur \u00c4nderung der Friedhofssatzung in Oberhausen, mit dem die Grundlage f\u00fcr ein Verbot der Verwendung von Grabsteinen und Grabmalen aus Kinderarbeit geregelt werden soll. &#8222;Im Zuge der neuen Landesgesetzgebung kann die kommunale Satzung im kommenden Fr\u00fchjahr rechtssicher f\u00fcr alle ver\u00e4ndert werden. \u00dcber diese Vorgehensweise herrschte im Ausschuss breiter Konsens, nur BOB stellte sich mit der befremdlichen Einzelmeinung ins Abseits&#8220;, so der umweltpolitische Sprecher der SPD-Fraktion abschlie\u00dfend.<\/p>\n","protected":false},"excerpt":{"rendered":"<p>Mit gro\u00dfem Befremden reagiert Manfred Flore, umweltpolitischer Sprecher der SPD-Fraktion, auf die \u00c4u\u00dferungen von BOB-Vertreter Werner Nowak, der sich in der letzten Sitzung des Umweltausschusses f\u00fcr Kinderarbeit ausgesprochen hatte. &#8222;Herr&hellip; <\/p>\n","protected":false},"author":1,"featured_media":0,"comment_status":"closed","ping_status":"closed","sticky":false,"template":"","format":"standard","meta":{"footnotes":""},"categories":[179,29],"tags":[53,204,202,203,30],"quellen":[326],"class_list":["post-1978","post","type-post","status-publish","format-standard","hentry","category-kinder-und-jugendliche","category-umwelt","tag-bob","tag-fair-trade","tag-kinderarbeit","tag-lokale-agenda","tag-umweltausschuss","quellen-spd-fraktion-oberhausen"],"_links":{"self":[{"href":"https:\/\/meier-gerdingh.de\/wp-spd-ob\/wp-json\/wp\/v2\/posts\/1978","targetHints":{"allow":["GET"]}}],"collection":[{"href":"https:\/\/meier-gerdingh.de\/wp-spd-ob\/wp-json\/wp\/v2\/posts"}],"about":[{"href":"https:\/\/meier-gerdingh.de\/wp-spd-ob\/wp-json\/wp\/v2\/types\/post"}],"author":[{"embeddable":true,"href":"https:\/\/meier-gerdingh.de\/wp-spd-ob\/wp-json\/wp\/v2\/users\/1"}],"replies":[{"embeddable":true,"href":"https:\/\/meier-gerdingh.de\/wp-spd-ob\/wp-json\/wp\/v2\/comments?post=1978"}],"version-history":[{"count":0,"href":"https:\/\/meier-gerdingh.de\/wp-spd-ob\/wp-json\/wp\/v2\/posts\/1978\/revisions"}],"wp:attachment":[{"href":"https:\/\/meier-gerdingh.de\/wp-spd-ob\/wp-json\/wp\/v2\/media?parent=1978"}],"wp:term":[{"taxonomy":"category","embeddable":true,"href":"https:\/\/meier-gerdingh.de\/wp-spd-ob\/wp-json\/wp\/v2\/categories?post=1978"},{"taxonomy":"post_tag","embeddable":true,"href":"https:\/\/meier-gerdingh.de\/wp-spd-ob\/wp-json\/wp\/v2\/tags?post=1978"},{"taxonomy":"quellen","embeddable":true,"href":"https:\/\/meier-gerdingh.de\/wp-spd-ob\/wp-json\/wp\/v2\/quellen?post=1978"}],"curies":[{"name":"wp","href":"https:\/\/api.w.org\/{rel}","templated":true}]}}