{"id":1979,"date":"2014-10-29T16:54:52","date_gmt":"2014-10-29T14:54:52","guid":{"rendered":"http:\/\/www.meier-gerdingh.de\/spd-oberhausen\/wp\/?p=1979"},"modified":"2017-01-03T16:28:31","modified_gmt":"2017-01-03T15:28:31","slug":"gute-chancen-fuer-modellprojekt-jugend-staerken-im-quartier-in-oberhausen-und-dinslaken","status":"publish","type":"post","link":"https:\/\/meier-gerdingh.de\/wp-spd-ob\/2014\/10\/29\/gute-chancen-fuer-modellprojekt-jugend-staerken-im-quartier-in-oberhausen-und-dinslaken\/","title":{"rendered":"Gute Chancen f\u00fcr Modellprojekt &#8222;Jugend st\u00e4rken im Quartier&#8220; in Oberhausen"},"content":{"rendered":"<div id=\"attachment_1681\" style=\"width: 150px\" class=\"wp-caption alignleft\"><a href=\"http:\/\/meier-gerdingh.de\/wp-spd-ob\/wp-content\/uploads\/voepel_dirk_mdb.jpg\"><img aria-describedby=\"caption-attachment-1681\" decoding=\"async\" class=\"size-full wp-image-1681\" src=\"http:\/\/meier-gerdingh.de\/wp-spd-ob\/wp-content\/uploads\/voepel_dirk_mdb.jpg\" alt=\"Dirk V\u00f6pel ist der direkt gew\u00e4hlte Bundestagsabgeordnete f\u00fcr Oberhausen und Dinslaken\" width=\"140\" height=\"180\" \/><\/a><p id=\"caption-attachment-1681\" class=\"wp-caption-text\">Dirk V\u00f6pel ist der direkt gew\u00e4hlte Bundestagsabgeordnete f\u00fcr Oberhausen und Dinslaken<\/p><\/div>\n<p>Die Stadt Oberhausen kann voraussichtlich ab Januar 2015 Modellprojekte zum \u00dcbergang von der Schule in den Beruf starten. &#8222;Mit seiner Interessenbekundung f\u00fcr das Bundesprogramm &#8218;Jugend st\u00e4rken im Quartier&#8216; hat Oberhausen Erfolg gehabt&#8220;, freut sich der Bundestagsabgeordnete Dirk V\u00f6pel. Nach Auswertung der bundesweit 220 Interessenbekundungen erf\u00fcllen 200 die Voraussetzungen. Sie werden nun in K\u00fcrze zur Antragstellung aufgefordert.<!--more--><\/p>\n<p>Das Programm &#8222;Jugend st\u00e4rken im Quartier&#8220; unterst\u00fctzt Projekte f\u00fcr Jugendliche zwischen 12 und 26 Jahren. Es soll den \u00dcbergang von der Schule in den Beruf durch aufsuchende Jugendsozialarbeit und einfach zug\u00e4ngliche Beratung erleichtern.<\/p>\n<p>In Projekten werden Team- und Kommunikationsf\u00e4higkeit, Verantwortungsbewusstsein und Selbstorganisation gest\u00e4rkt, und gleichzeitig das Wohnumfeld und das nachbarschaftliche Miteinander verbessert. Das k\u00f6nnen Erlebnispfade, Gemeinschaftsg\u00e4rten und Initiativen zur Nachbarschaftsmitnahme sein.<\/p>\n<p>&#8222;Das Programm ist beispielhaft f\u00fcr die Zusammenarbeit verschiedener Ministerien im Rahmen unserer &#8218;Strategie Soziale Stadt&#8216;, die wir im Koalitionsvertrag verankert haben&#8220;, so Dirk V\u00f6pel. Die beiden Bundesministerien f\u00fcr Umwelt und Bau und f\u00fcr Familie, Senioren, Frauen und Jugend arbeiten bei der F\u00f6rderung zusammen. Das Programm richtet sich besonders auch an Gebiete der &#8222;Sozialen Stadt&#8220;.<\/p>\n<p>Der MdB weist zudem auf die Aufstockung der Bundesmittel f\u00fcr das Programm &#8222;Soziale Stadt&#8220; schon im Haushalt 2014 von 40 auf 150 Millionen Euro hin. &#8222;Die Erh\u00f6hung der Mittel f\u00fcr &#8218;Soziale Stadt&#8216; war eine wichtige sozialdemokratische Forderung in den Koalitionsverhandlungen zwischen SPD und CDU\/CSU, die wir umgehend umgesetzt haben.&#8220;<\/p>\n","protected":false},"excerpt":{"rendered":"<p>Die Stadt Oberhausen kann voraussichtlich ab Januar 2015 Modellprojekte zum \u00dcbergang von der Schule in den Beruf starten. &#8222;Mit seiner Interessenbekundung f\u00fcr das Bundesprogramm &#8218;Jugend st\u00e4rken im Quartier&#8216; hat Oberhausen&hellip; <\/p>\n","protected":false},"author":1,"featured_media":0,"comment_status":"closed","ping_status":"closed","sticky":false,"template":"","format":"standard","meta":{"footnotes":""},"categories":[180,179],"tags":[207,206,205,208],"quellen":[330],"class_list":["post-1979","post","type-post","status-publish","format-standard","hentry","category-bund","category-kinder-und-jugendliche","tag-bundesprogramme","tag-jugend-staerken-im-quartier","tag-programm-soziale-stadt","tag-uebergang-schule-beruf","quellen-mdb-dirk-voepel"],"_links":{"self":[{"href":"https:\/\/meier-gerdingh.de\/wp-spd-ob\/wp-json\/wp\/v2\/posts\/1979","targetHints":{"allow":["GET"]}}],"collection":[{"href":"https:\/\/meier-gerdingh.de\/wp-spd-ob\/wp-json\/wp\/v2\/posts"}],"about":[{"href":"https:\/\/meier-gerdingh.de\/wp-spd-ob\/wp-json\/wp\/v2\/types\/post"}],"author":[{"embeddable":true,"href":"https:\/\/meier-gerdingh.de\/wp-spd-ob\/wp-json\/wp\/v2\/users\/1"}],"replies":[{"embeddable":true,"href":"https:\/\/meier-gerdingh.de\/wp-spd-ob\/wp-json\/wp\/v2\/comments?post=1979"}],"version-history":[{"count":0,"href":"https:\/\/meier-gerdingh.de\/wp-spd-ob\/wp-json\/wp\/v2\/posts\/1979\/revisions"}],"wp:attachment":[{"href":"https:\/\/meier-gerdingh.de\/wp-spd-ob\/wp-json\/wp\/v2\/media?parent=1979"}],"wp:term":[{"taxonomy":"category","embeddable":true,"href":"https:\/\/meier-gerdingh.de\/wp-spd-ob\/wp-json\/wp\/v2\/categories?post=1979"},{"taxonomy":"post_tag","embeddable":true,"href":"https:\/\/meier-gerdingh.de\/wp-spd-ob\/wp-json\/wp\/v2\/tags?post=1979"},{"taxonomy":"quellen","embeddable":true,"href":"https:\/\/meier-gerdingh.de\/wp-spd-ob\/wp-json\/wp\/v2\/quellen?post=1979"}],"curies":[{"name":"wp","href":"https:\/\/api.w.org\/{rel}","templated":true}]}}