{"id":1981,"date":"2014-10-29T17:15:34","date_gmt":"2014-10-29T15:15:34","guid":{"rendered":"http:\/\/www.meier-gerdingh.de\/spd-oberhausen\/wp\/?p=1981"},"modified":"2015-03-11T18:26:33","modified_gmt":"2015-03-11T16:26:33","slug":"maennerunterkunft-an-der-weierstrasse-soll-abgerissen-werden","status":"publish","type":"post","link":"https:\/\/meier-gerdingh.de\/wp-spd-ob\/2014\/10\/29\/maennerunterkunft-an-der-weierstrasse-soll-abgerissen-werden\/","title":{"rendered":"M\u00e4nnerunterkunft an der Weierstra\u00dfe soll abgerissen werden"},"content":{"rendered":"<p>In ihrer gestrigen Sitzung hat sich die die SPD-Ratsfraktion intensiv mit der Situation der Fl\u00fcchtlingsunterkunft an der Weierstra\u00dfe befasst. Nach einer ausf\u00fchrlichen Diskussion sprachen sich die Sozialdemokraten daf\u00fcr aus, die M\u00e4nnerunterkunft am Standort Weierstra\u00dfe (&#8222;Geb\u00e4ude A&#8220;) abzurei\u00dfen und die betroffenen Bewohner vor\u00fcbergehend an einem anderen Standort unterzubringen.<!--more--><\/p>\n<p>&#8222;Das Geb\u00e4ude, in dem ausschlie\u00dflich m\u00e4nnliche Fl\u00fcchtlinge untergebracht sind, ist deutlich in die Jahre gekommen. Die sanit\u00e4re Situation mit der heute vorhandenen Anzahl an Toiletten und Duschen ist bei voller Belegung v\u00f6llig unzureichend&#8220;, so Ercan Telli, sozialpolitischer Sprecher der SPD-Ratsfraktion. &#8222;Hier rechnet es sich nicht mehr zu sanieren oder anzubauen.&#8220;<\/p>\n<p>Diese Einsch\u00e4tzung teilt auch SPD-Fraktionschef Gro\u00dfe Br\u00f6mer: &#8222;Bei dem Haus handelt es sich um ein altes Geb\u00e4ude, das keinen Spielraum mehr f\u00fcr Umbauma\u00dfnahmen bietet. Deshalb wollen wir hier eine nachhaltige L\u00f6sung durch Abriss und einen Neubau in zweigeschossiger Leichtbauweise verwirklichen. W\u00e4hrend der Bauzeit muss eine \u00dcbergangsl\u00f6sung gefunden werden. Hier kommen Erweiterungen vorhandener oder die Ert\u00fcchtigung ehemaliger Standorte von Fl\u00fcchtlingsunterk\u00fcnften im Stadtgebiet in Betracht.&#8220;<\/p>\n","protected":false},"excerpt":{"rendered":"<p>In ihrer gestrigen Sitzung hat sich die die SPD-Ratsfraktion intensiv mit der Situation der Fl\u00fcchtlingsunterkunft an der Weierstra\u00dfe befasst. Nach einer ausf\u00fchrlichen Diskussion sprachen sich die Sozialdemokraten daf\u00fcr aus, die&hellip; <\/p>\n","protected":false},"author":1,"featured_media":0,"comment_status":"closed","ping_status":"closed","sticky":false,"template":"","format":"standard","meta":{"footnotes":""},"categories":[61],"tags":[210,209],"quellen":[326],"class_list":["post-1981","post","type-post","status-publish","format-standard","hentry","category-integration","tag-asylbewerber","tag-fluechtlinge","quellen-spd-fraktion-oberhausen"],"_links":{"self":[{"href":"https:\/\/meier-gerdingh.de\/wp-spd-ob\/wp-json\/wp\/v2\/posts\/1981","targetHints":{"allow":["GET"]}}],"collection":[{"href":"https:\/\/meier-gerdingh.de\/wp-spd-ob\/wp-json\/wp\/v2\/posts"}],"about":[{"href":"https:\/\/meier-gerdingh.de\/wp-spd-ob\/wp-json\/wp\/v2\/types\/post"}],"author":[{"embeddable":true,"href":"https:\/\/meier-gerdingh.de\/wp-spd-ob\/wp-json\/wp\/v2\/users\/1"}],"replies":[{"embeddable":true,"href":"https:\/\/meier-gerdingh.de\/wp-spd-ob\/wp-json\/wp\/v2\/comments?post=1981"}],"version-history":[{"count":0,"href":"https:\/\/meier-gerdingh.de\/wp-spd-ob\/wp-json\/wp\/v2\/posts\/1981\/revisions"}],"wp:attachment":[{"href":"https:\/\/meier-gerdingh.de\/wp-spd-ob\/wp-json\/wp\/v2\/media?parent=1981"}],"wp:term":[{"taxonomy":"category","embeddable":true,"href":"https:\/\/meier-gerdingh.de\/wp-spd-ob\/wp-json\/wp\/v2\/categories?post=1981"},{"taxonomy":"post_tag","embeddable":true,"href":"https:\/\/meier-gerdingh.de\/wp-spd-ob\/wp-json\/wp\/v2\/tags?post=1981"},{"taxonomy":"quellen","embeddable":true,"href":"https:\/\/meier-gerdingh.de\/wp-spd-ob\/wp-json\/wp\/v2\/quellen?post=1981"}],"curies":[{"name":"wp","href":"https:\/\/api.w.org\/{rel}","templated":true}]}}