{"id":1987,"date":"2014-10-30T18:22:40","date_gmt":"2014-10-30T16:22:40","guid":{"rendered":"http:\/\/www.meier-gerdingh.de\/spd-oberhausen\/wp\/?p=1987"},"modified":"2017-01-03T16:28:05","modified_gmt":"2017-01-03T15:28:05","slug":"empoerung-ueber-ablehnung-der-karl-heinz-pflugbeil-halle","status":"publish","type":"post","link":"https:\/\/meier-gerdingh.de\/wp-spd-ob\/2014\/10\/30\/empoerung-ueber-ablehnung-der-karl-heinz-pflugbeil-halle\/","title":{"rendered":"Emp\u00f6rung \u00fcber Ablehnung der Karl-Heinz-Pflugbeil-Halle"},"content":{"rendered":"<div id=\"attachment_1481\" style=\"width: 150px\" class=\"wp-caption alignleft\"><a href=\"http:\/\/meier-gerdingh.de\/wp-spd-ob\/wp-content\/uploads\/krey_thomas_14.jpg\"><img aria-describedby=\"caption-attachment-1481\" decoding=\"async\" class=\"size-full wp-image-1481\" src=\"http:\/\/meier-gerdingh.de\/wp-spd-ob\/wp-content\/uploads\/krey_thomas_14.jpg\" alt=\"Thomas Krey: Vorsitzender der SPD Osterfeld und Bezirksb\u00fcrgermeister von Osterfeld\" width=\"140\" height=\"169\" \/><\/a><p id=\"caption-attachment-1481\" class=\"wp-caption-text\">Thomas Krey: Vorsitzender der SPD Osterfeld und Bezirksb\u00fcrgermeister von Osterfeld<\/p><\/div>\n<p>&#8222;Wir sind traurig und schockiert.&#8220; So reagiert Bezirksb\u00fcrgermeister Thomas Krey auf die Ablehnung von CDU und BOB, die ehemalige Eislaufhalle nach Karl-Heinz Pflugbeil zu benennen. Nachdem die beiden Oberhausener Inlinehockeyvereine vorgeschlagen hatten, ihre zuk\u00fcnftige Spielst\u00e4tte nach dem verstorbenen Bezirksb\u00fcrgermeister zu benennen, sei dies in der Bev\u00f6lkerung und auch partei\u00fcbergreifend auf breite Zustimmung gesto\u00dfen.<!--more--><\/p>\n<p>&#8222;SPD und Gr\u00fcne wollten mit ihrem Antrag diesem Wunsch folgen und dar\u00fcber hinaus die Verdienste von Karl-Heinz Pflugbeil f\u00fcr Osterfeld w\u00fcrdigen. Da die Kollegen der CDU keine Bedenken ge\u00e4u\u00dfert hatten, als der Vorschlag der Vereine in der BV vorgetragen wurde, hatten wir nicht damit gerechnet, dass die CDU sich jetzt gemeinsam mit BOB diesem Vorschlag verweigern w\u00fcrde&#8220;, so Krey.<\/p>\n<p>Aus Sicht der SPD sei es sinnvoll gewesen, den Vorschlag der Vereine zeitgleich mit der Einweihung der Inlinehockeyhalle umzusetzen und ihn nicht auf die lange Bank zu schieben. &#8222;Es ist besch\u00e4mend und emp\u00f6rend, dass CDU und BOB sich hinter Formalia verstecken und taktieren&#8220;, sagt Stefan Zimkeit, SPD-Fraktionschef in der Bezirksvertretung. Die Osterfelder CDU lasse sich zum verl\u00e4ngerten Arm ihrer Oberhausener Partei machen, damit diese unw\u00fcrdige Tauschgesch\u00e4fte f\u00fcr Stra\u00dfennamen einf\u00e4deln k\u00f6nne.<\/p>\n<p>Zimkeit erinnert daran, dass die Osterfelder SPD keine Probleme hatte, dem Vorschlag von Vereinen und der CDU zu folgen, eine Stra\u00dfe nach dem verdienten CDU-Politiker Hans Wagner zu benennen. &#8222;Die gleiche Gr\u00f6\u00dfe h\u00e4tten wir uns nun auch von der Osterfelder CDU gew\u00fcnscht.&#8220;<\/p>\n<p>Die SPD k\u00fcndigt an, von dem Vorhaben nicht abzur\u00fccken. Thomas Krey: &#8222;Unser Ziel bleibt es, dass bald in der Karl-Heinz-Pflugbeil-Halle Inlinehockey gespielt wird. Wir werden weiter um Unterst\u00fctzung f\u00fcr diesen Vorschlag werben.&#8220;<\/p>\n","protected":false},"excerpt":{"rendered":"<p>&#8222;Wir sind traurig und schockiert.&#8220; So reagiert Bezirksb\u00fcrgermeister Thomas Krey auf die Ablehnung von CDU und BOB, die ehemalige Eislaufhalle nach Karl-Heinz Pflugbeil zu benennen. Nachdem die beiden Oberhausener Inlinehockeyvereine&hellip; <\/p>\n","protected":false},"author":1,"featured_media":0,"comment_status":"closed","ping_status":"closed","sticky":false,"template":"","format":"standard","meta":{"footnotes":""},"categories":[47,167],"tags":[185,53,211,192,186,190,189],"quellen":[339],"class_list":["post-1987","post","type-post","status-publish","format-standard","hentry","category-sport","category-stadtteile","tag-bezirksvertretung-osterfeld","tag-bob","tag-cdu-osterfeld","tag-inline-hockey-halle","tag-inline-skater-halle","tag-karl-heinz-pflugbeil-halle","tag-revierpark-vonderort","quellen-ov-osterfeld"],"_links":{"self":[{"href":"https:\/\/meier-gerdingh.de\/wp-spd-ob\/wp-json\/wp\/v2\/posts\/1987","targetHints":{"allow":["GET"]}}],"collection":[{"href":"https:\/\/meier-gerdingh.de\/wp-spd-ob\/wp-json\/wp\/v2\/posts"}],"about":[{"href":"https:\/\/meier-gerdingh.de\/wp-spd-ob\/wp-json\/wp\/v2\/types\/post"}],"author":[{"embeddable":true,"href":"https:\/\/meier-gerdingh.de\/wp-spd-ob\/wp-json\/wp\/v2\/users\/1"}],"replies":[{"embeddable":true,"href":"https:\/\/meier-gerdingh.de\/wp-spd-ob\/wp-json\/wp\/v2\/comments?post=1987"}],"version-history":[{"count":0,"href":"https:\/\/meier-gerdingh.de\/wp-spd-ob\/wp-json\/wp\/v2\/posts\/1987\/revisions"}],"wp:attachment":[{"href":"https:\/\/meier-gerdingh.de\/wp-spd-ob\/wp-json\/wp\/v2\/media?parent=1987"}],"wp:term":[{"taxonomy":"category","embeddable":true,"href":"https:\/\/meier-gerdingh.de\/wp-spd-ob\/wp-json\/wp\/v2\/categories?post=1987"},{"taxonomy":"post_tag","embeddable":true,"href":"https:\/\/meier-gerdingh.de\/wp-spd-ob\/wp-json\/wp\/v2\/tags?post=1987"},{"taxonomy":"quellen","embeddable":true,"href":"https:\/\/meier-gerdingh.de\/wp-spd-ob\/wp-json\/wp\/v2\/quellen?post=1987"}],"curies":[{"name":"wp","href":"https:\/\/api.w.org\/{rel}","templated":true}]}}