{"id":20,"date":"2002-03-25T17:00:00","date_gmt":"2002-03-25T15:00:00","guid":{"rendered":"http:\/\/www.meier-gerdingh.de\/spd-oberhausen\/wp\/?p=20"},"modified":"2017-05-12T09:25:33","modified_gmt":"2017-05-12T07:25:33","slug":"36-millionen-euro-vom-land-fuer-oberhausen","status":"publish","type":"post","link":"https:\/\/meier-gerdingh.de\/wp-spd-ob\/2002\/03\/25\/36-millionen-euro-vom-land-fuer-oberhausen\/","title":{"rendered":"3,6 Millionen Euro vom Land f\u00fcr Oberhausen"},"content":{"rendered":"<div style=\"width: 150px\" class=\"wp-caption alignleft\"><a href=\"http:\/\/meier-gerdingh.de\/wp-spd-ob\/wp-content\/uploads\/landtagganz1.jpg\"><img decoding=\"async\" class=\"size-full\" src=\"http:\/\/meier-gerdingh.de\/wp-spd-ob\/wp-content\/uploads\/landtagganz1.jpg\" alt=\"\" width=\"140\" height=\"187\" \/><\/a><p class=\"wp-caption-text\">Der Landtag von Nordrhein-Westfalen<\/p><\/div>\n<p>Mit insgesamt 210 Millionen Euro will die Landesregierung die Entwicklung der St\u00e4dte in Nordrhein Westfalen unterst\u00fctzen. Oberhausen erh\u00e4lt davon f\u00fcr verschiedene Stadternerungsprojekte allein 3,6 Millionen Euro. Dies teilten die beiden Oberhausener SPD-Landtagsabgeordneten Michael Groschek und Wolfgang Gro\u00dfe Br\u00f6mer mit.<!--more--><\/p>\n<p>Mit gut zwei Millionen Euro flie\u00dft der gr\u00f6\u00dfte Batzen der Landes-Mittel in die Arbeitersiedlung Stemmersberg zur Fortsetzung der Sanierung und zur weiteren Unterst\u00fctzung der Erneuerung des Wohnumfeldes durch die Bewohnerinnen und Bewohner.<\/p>\n<p>Ebenfalls veranschlagt sind 800.000 Euro f\u00fcr den Stadtteil Lirich im Rahmen des Programms Stadtteil mit besonderem Erneuerungsbedarf.<\/p>\n<p>&#8222;Dies ist ein wichtiger Schritt zur Umsetzung dieses Projektes in Lirich&#8220;, erkl\u00e4rte Wolfgang Gro\u00dfe Br\u00f6mer hierzu. In weiteren Gespr\u00e4chen mit dem Land m\u00fcsse nun gekl\u00e4rt werden, wie der Eigenanteil der Stadt an den Ma\u00dfnahmen dargestellt werden kann. Ziel sei es, in Lirich genauso erfolgreich Stadterneuerung zu betreiben wie im Knappenviertel.<\/p>\n<p>Weitere Mittel sollen der F\u00f6rderung der Innenstadt Alt Oberhausen dienen. Unter dem Motto: &#8222;Vitale Innenstadt&#8220; sind die F\u00f6rderung der Kinos und der Beleuchtung des Bert-Brecht-Hauses vorgesehen.<\/p>\n<p>&#8222;Damit wird die Unterst\u00fctzung der St\u00e4rkung der Innenstadt von Alt Oberhausen durch das Land fortgesetzt&#8220;, erl\u00e4utert Michael Groschek (MdL).<\/p>\n","protected":false},"excerpt":{"rendered":"<p>Mit insgesamt 210 Millionen Euro will die Landesregierung die Entwicklung der St\u00e4dte in Nordrhein Westfalen unterst\u00fctzen. Oberhausen erh\u00e4lt davon f\u00fcr verschiedene Stadternerungsprojekte allein 3,6 Millionen Euro. Dies teilten die beiden&hellip; <\/p>\n","protected":false},"author":1,"featured_media":0,"comment_status":"closed","ping_status":"closed","sticky":false,"template":"","format":"standard","meta":{"footnotes":""},"categories":[1],"tags":[],"quellen":[],"class_list":["post-20","post","type-post","status-publish","format-standard","hentry","category-allgemein"],"_links":{"self":[{"href":"https:\/\/meier-gerdingh.de\/wp-spd-ob\/wp-json\/wp\/v2\/posts\/20","targetHints":{"allow":["GET"]}}],"collection":[{"href":"https:\/\/meier-gerdingh.de\/wp-spd-ob\/wp-json\/wp\/v2\/posts"}],"about":[{"href":"https:\/\/meier-gerdingh.de\/wp-spd-ob\/wp-json\/wp\/v2\/types\/post"}],"author":[{"embeddable":true,"href":"https:\/\/meier-gerdingh.de\/wp-spd-ob\/wp-json\/wp\/v2\/users\/1"}],"replies":[{"embeddable":true,"href":"https:\/\/meier-gerdingh.de\/wp-spd-ob\/wp-json\/wp\/v2\/comments?post=20"}],"version-history":[{"count":0,"href":"https:\/\/meier-gerdingh.de\/wp-spd-ob\/wp-json\/wp\/v2\/posts\/20\/revisions"}],"wp:attachment":[{"href":"https:\/\/meier-gerdingh.de\/wp-spd-ob\/wp-json\/wp\/v2\/media?parent=20"}],"wp:term":[{"taxonomy":"category","embeddable":true,"href":"https:\/\/meier-gerdingh.de\/wp-spd-ob\/wp-json\/wp\/v2\/categories?post=20"},{"taxonomy":"post_tag","embeddable":true,"href":"https:\/\/meier-gerdingh.de\/wp-spd-ob\/wp-json\/wp\/v2\/tags?post=20"},{"taxonomy":"quellen","embeddable":true,"href":"https:\/\/meier-gerdingh.de\/wp-spd-ob\/wp-json\/wp\/v2\/quellen?post=20"}],"curies":[{"name":"wp","href":"https:\/\/api.w.org\/{rel}","templated":true}]}}