{"id":2010,"date":"2014-10-31T14:41:06","date_gmt":"2014-10-31T12:41:06","guid":{"rendered":"http:\/\/www.meier-gerdingh.de\/spd-oberhausen\/wp\/?p=2010"},"modified":"2017-01-03T16:27:46","modified_gmt":"2017-01-03T15:27:46","slug":"mehr-als-ein-archiv-sondern-ein-kulturelles-zentrum-fuer-lirich","status":"publish","type":"post","link":"https:\/\/meier-gerdingh.de\/wp-spd-ob\/2014\/10\/31\/mehr-als-ein-archiv-sondern-ein-kulturelles-zentrum-fuer-lirich\/","title":{"rendered":"Mehr als ein Archiv, sondern ein kulturelles Zentrum f\u00fcr Lirich"},"content":{"rendered":"<p><a href=\"http:\/\/meier-gerdingh.de\/wp-spd-ob\/wp-content\/uploads\/banner_ov_west_neu.jpg\"><img decoding=\"async\" src=\"http:\/\/meier-gerdingh.de\/wp-spd-ob\/wp-content\/uploads\/banner_ov_west_neu.jpg\" alt=\"banner_ov_west_neu\" width=\"600\" height=\"150\" class=\"aligncenter size-full wp-image-1778\" srcset=\"https:\/\/meier-gerdingh.de\/wp-spd-ob\/wp-content\/uploads\/banner_ov_west_neu.jpg 600w, https:\/\/meier-gerdingh.de\/wp-spd-ob\/wp-content\/uploads\/banner_ov_west_neu-300x75.jpg 300w\" sizes=\"(max-width: 600px) 100vw, 600px\" \/><\/a>Mit dem bevorstehenden Umzug des Stadtarchivs vom Tackenberg nach Lirich erh\u00e4lt das Langzeit-Ged\u00e4chtnis der Oberhausener Stadtgeschichte einen neuen attraktiven Standort mit deutlich mehr Speicher-Kapazit\u00e4t. Davon konnten sich Mitglieder des SPD-Ortsvereins Oberhausen-West und interessierte B\u00fcrgerinnen und B\u00fcrger an Ort und Stelle in der ehemaligen Hauptschule Lirich \u00fcberzeugen. Bei einem Rundgang durch die fast fertiggestellten, aber noch nicht bef\u00fcllten Magazine des altehrw\u00fcrdigen Schulgeb\u00e4udes an der Eschenstra\u00dfe stellten Kulturdezernent Apostolos Tsalastras und Archivleiter Dr. Otto Dickau die R\u00e4umlichkeiten vor und informierten \u00fcber den zeitlichen Ablauf des Umzugs.<!--more--><\/p>\n<p>Das neue Domizil hat nicht nur Platz satt auch f\u00fcr die n\u00e4chsten Aktengenerationen der Stadtverwaltung, sondern ist jetzt komplett barrierefrei. Hausherr Dr. Dickau zeigt sich erleichtert, dass die Zeit des m\u00fchseligen Aktenschleppens treppauf treppab ein Ende hat. F\u00fcr den Transport innerhalb des Hauses wurde extra ein Transport-Aufzug eingebaut. Der ger\u00e4umige Lesesaal im Erdgeschoss als Herzst\u00fcck des Archivs bietet hervorragende Arbeitsbedingungen f\u00fcr die immer zahlreicheren Nutzer der Einrichtung. Denn: Die Lokal- und Heimatgeschichte boomt. Neben Geschichtswissenschaftlern und Studenten besuchen zunehmend auch Hobby-Historiker, Familienforscher oder einfach an Heimatgeschichte interessierte B\u00fcrger das Oberhausener Archiv.<\/p>\n<p>Erstmals kann nun auch der st\u00e4dtische Kunstbesitz sach- und fachgerecht gelagert werden. Wie Kulturdezernent Apostolos Tsalastras erl\u00e4uterte, wurde zu diesem Zweck ein vollklimatisierter Bereich im Erdgeschoss geschaffen. Die bisherige Unterbringung im Dachgeschoss auf dem Tackenberg habe die Kunstwerke schon teilweise heftigen Temperaturschwankungen ausgesetzt. Ebenfalls im Erdgeschoss und vollklimatisiert wird im n\u00e4chsten Jahr auch das legend\u00e4re Film-Archiv der Internationalen Kurzfilmtage eine neue Heimat in Lirich finden, da der bisherige Standort aus allen N\u00e4hten platzt.<\/p>\n<p>Dr. Dickau betonte, dass er das Archiv keineswegs nur als eine modernisierte Lagerst\u00e4tte f\u00fcr historische Dokumente oder Verwaltungsunterlagen versteht, es soll sich vielmehr zu einem echten kulturellen Zentrum in und f\u00fcr Lirich entwickeln. So sei fest geplant, einen knapp 400 m2 gro\u00dfen Bereich im ersten Stock regelm\u00e4\u00dfig mit Wanderausstellungen zu bespielen. Dieses Angebot richte sich vor allem an die zahlreichen Oberhausener Vereine und Organisationen, die hier die M\u00f6glichkeit h\u00e4tten, eigene Ausstellungen der \u00d6ffentlichkeit zu pr\u00e4sentieren, es g\u00e4be schon reichlich Interessenten.<\/p>\n<p>Der Umzug selbst erfolgt in zwei Etappen: Ab der zweiten November-Woche sollen zun\u00e4chst die Zeitungsbest\u00e4nde, Schul-Zeugnisse und B\u00fccher vom Tackenberg nach Lirich verlegt werden. Dr. Dickau hofft, dass er den Normalbetrieb des Archivs am neuen Standort bereits im Januar wieder aufnehmen kann. Aber auch w\u00e4hrend der hei\u00dfen Umzugsphase k\u00f6nnen z. B. Studenten, die Examensarbeiten fertig stellen m\u00fcssen, einmal w\u00f6chentlich das Archiv am alten Standort auf dem Tackenberg nutzen, so dass ein Minimalbetrieb bis zur Wiederer\u00f6ffnung sichergestellt ist.<\/p>\n<p>Teil zwei des Umzugs findet dann im Fr\u00fchjahr 2015 statt, wenn die umfangreichen Best\u00e4nde an offiziellen Unterlagen der Stadtverwaltung seit 1862 in eine hochmoderne Rollregal-Anlage einziehen, die der Landschaftsverband Rheinland dankenswerterweise finanziell f\u00f6rdert und die in den kommenden Monaten in der ersten Etage installiert wird.<\/p>\n<p>Als SPD-Chef von Alstaden und Lirich freut sich Dirk V\u00f6pel nat\u00fcrlich besonders dar\u00fcber, dass das Stadtarchiv in der ehemaligen Hauptschule Lirich untergebracht und hier im Herzen Lirichs ein m\u00f6glicherweise jahrelanger Leerstand verhindert werden konnte. Der Dank daf\u00fcr geb\u00fchre den engagierten Kommunalpolitikern und einem Kulturdezernenten, der eben ins Gelingen und nicht ins Scheitern verliebt sei. Dirk V\u00f6pel ist jedenfalls zuversichtlich, dass eine entsprechend attraktive Nachfolgenutzung auch f\u00fcr die auslaufende Hauptschule in Alstaden entwickelt werden kann.<\/p>\n","protected":false},"excerpt":{"rendered":"<p>Mit dem bevorstehenden Umzug des Stadtarchivs vom Tackenberg nach Lirich erh\u00e4lt das Langzeit-Ged\u00e4chtnis der Oberhausener Stadtgeschichte einen neuen attraktiven Standort mit deutlich mehr Speicher-Kapazit\u00e4t. Davon konnten sich Mitglieder des SPD-Ortsvereins&hellip; <\/p>\n","protected":false},"author":1,"featured_media":0,"comment_status":"closed","ping_status":"closed","sticky":false,"template":"","format":"standard","meta":{"footnotes":""},"categories":[40,167],"tags":[214,213,183,215,212],"quellen":[335],"class_list":["post-2010","post","type-post","status-publish","format-standard","hentry","category-kultur","category-stadtteile","tag-hauptschule-lirich","tag-hauptschulen","tag-lirich","tag-lvr","tag-stadtarchiv","quellen-ov-west"],"_links":{"self":[{"href":"https:\/\/meier-gerdingh.de\/wp-spd-ob\/wp-json\/wp\/v2\/posts\/2010","targetHints":{"allow":["GET"]}}],"collection":[{"href":"https:\/\/meier-gerdingh.de\/wp-spd-ob\/wp-json\/wp\/v2\/posts"}],"about":[{"href":"https:\/\/meier-gerdingh.de\/wp-spd-ob\/wp-json\/wp\/v2\/types\/post"}],"author":[{"embeddable":true,"href":"https:\/\/meier-gerdingh.de\/wp-spd-ob\/wp-json\/wp\/v2\/users\/1"}],"replies":[{"embeddable":true,"href":"https:\/\/meier-gerdingh.de\/wp-spd-ob\/wp-json\/wp\/v2\/comments?post=2010"}],"version-history":[{"count":0,"href":"https:\/\/meier-gerdingh.de\/wp-spd-ob\/wp-json\/wp\/v2\/posts\/2010\/revisions"}],"wp:attachment":[{"href":"https:\/\/meier-gerdingh.de\/wp-spd-ob\/wp-json\/wp\/v2\/media?parent=2010"}],"wp:term":[{"taxonomy":"category","embeddable":true,"href":"https:\/\/meier-gerdingh.de\/wp-spd-ob\/wp-json\/wp\/v2\/categories?post=2010"},{"taxonomy":"post_tag","embeddable":true,"href":"https:\/\/meier-gerdingh.de\/wp-spd-ob\/wp-json\/wp\/v2\/tags?post=2010"},{"taxonomy":"quellen","embeddable":true,"href":"https:\/\/meier-gerdingh.de\/wp-spd-ob\/wp-json\/wp\/v2\/quellen?post=2010"}],"curies":[{"name":"wp","href":"https:\/\/api.w.org\/{rel}","templated":true}]}}