{"id":2027,"date":"2014-11-12T14:07:46","date_gmt":"2014-11-12T12:07:46","guid":{"rendered":"http:\/\/www.meier-gerdingh.de\/spd-oberhausen\/wp\/?p=2027"},"modified":"2015-03-11T18:23:23","modified_gmt":"2015-03-11T16:23:23","slug":"12-millionen-euro-fuer-mehr-krippenplaetze","status":"publish","type":"post","link":"https:\/\/meier-gerdingh.de\/wp-spd-ob\/2014\/11\/12\/12-millionen-euro-fuer-mehr-krippenplaetze\/","title":{"rendered":"1,2 Millionen Euro f\u00fcr mehr Krippenpl\u00e4tze"},"content":{"rendered":"<p>Oberhausen erh\u00e4lt aus dem dritten Investitionsprogramm des Bundes 1,2 Millionen Euro f\u00fcr den Ausbau der Unter-Dreij\u00e4hrigen-Betreuung (U3). &#8222;Der Bedarf an guten Kita-Pl\u00e4tzen steigt, deshalb ist es gut, dass das Bundesfamilienministerium ein weiteres Programm auflegt&#8220;, freut sich der Landtagsabgeordnete Wolfgang Gro\u00dfe Br\u00f6mer dar\u00fcber, dass die SPD diese Investitionen in der Gro\u00dfen Koalition in Berlin hat durchsetzen k\u00f6nnen.<!--more--><\/p>\n<p>Dank einer beispiellosen Aufholjagd und einer gemeinsamen Kraftanstrengung von Bund, Land, Kommunen und Tr\u00e4gern seien in den vergangenen Jahren die vereinbarten Ziele zum so genannten U3-Ausbau erreicht worden, stellt der Bundestagsabgeordnete Dirk V\u00f6pel fest.<\/p>\n<p>Der Landtagsabgeordnete Stefan Zimkeit erg\u00e4nzt: &#8222;Wir werden schrittweise mehr Pl\u00e4tze schaffen m\u00fcssen, damit noch mehr Kinder einen Zugang zu \u00f6ffentlich finanzierter fr\u00fchkindlicher Bildung bekommen und wir den Rechtsanspruch auf einen Krippenplatz erf\u00fcllen k\u00f6nnen.&#8220;<\/p>\n<p>Gleichzeitig werde f\u00fcr die Eltern die Vereinbarkeit von Familie und Beruf verbessert. &#8222;120 Millionen Euro Bundesmittel kann NRW aus dem bis 2018 laufenden Bundesprogramm zus\u00e4tzlich investieren&#8220;, so Zimkeit. Das Land habe jetzt die Verteilung auf die \u00f6rtlichen Jugend\u00e4mter beschlossen, so dass auf Oberhausen 1,2 Millionen entfallen.<\/p>\n","protected":false},"excerpt":{"rendered":"<p>Oberhausen erh\u00e4lt aus dem dritten Investitionsprogramm des Bundes 1,2 Millionen Euro f\u00fcr den Ausbau der Unter-Dreij\u00e4hrigen-Betreuung (U3). &#8222;Der Bedarf an guten Kita-Pl\u00e4tzen steigt, deshalb ist es gut, dass das Bundesfamilienministerium&hellip; <\/p>\n","protected":false},"author":1,"featured_media":0,"comment_status":"closed","ping_status":"closed","sticky":false,"template":"","format":"standard","meta":{"footnotes":""},"categories":[179],"tags":[229,230,168,164,228,227,224,225,226],"quellen":[331],"class_list":["post-2027","post","type-post","status-publish","format-standard","hentry","category-kinder-und-jugendliche","tag-bundesmittel","tag-fruehkindliche-bildung","tag-kinderbetreuung","tag-kindertageseinrichtungen","tag-kita-plaetze","tag-krippen","tag-u3","tag-u3-betreuung","tag-unter-dreijaehrigen-betreuung","quellen-mdl-stefan-zimkeit"],"_links":{"self":[{"href":"https:\/\/meier-gerdingh.de\/wp-spd-ob\/wp-json\/wp\/v2\/posts\/2027","targetHints":{"allow":["GET"]}}],"collection":[{"href":"https:\/\/meier-gerdingh.de\/wp-spd-ob\/wp-json\/wp\/v2\/posts"}],"about":[{"href":"https:\/\/meier-gerdingh.de\/wp-spd-ob\/wp-json\/wp\/v2\/types\/post"}],"author":[{"embeddable":true,"href":"https:\/\/meier-gerdingh.de\/wp-spd-ob\/wp-json\/wp\/v2\/users\/1"}],"replies":[{"embeddable":true,"href":"https:\/\/meier-gerdingh.de\/wp-spd-ob\/wp-json\/wp\/v2\/comments?post=2027"}],"version-history":[{"count":0,"href":"https:\/\/meier-gerdingh.de\/wp-spd-ob\/wp-json\/wp\/v2\/posts\/2027\/revisions"}],"wp:attachment":[{"href":"https:\/\/meier-gerdingh.de\/wp-spd-ob\/wp-json\/wp\/v2\/media?parent=2027"}],"wp:term":[{"taxonomy":"category","embeddable":true,"href":"https:\/\/meier-gerdingh.de\/wp-spd-ob\/wp-json\/wp\/v2\/categories?post=2027"},{"taxonomy":"post_tag","embeddable":true,"href":"https:\/\/meier-gerdingh.de\/wp-spd-ob\/wp-json\/wp\/v2\/tags?post=2027"},{"taxonomy":"quellen","embeddable":true,"href":"https:\/\/meier-gerdingh.de\/wp-spd-ob\/wp-json\/wp\/v2\/quellen?post=2027"}],"curies":[{"name":"wp","href":"https:\/\/api.w.org\/{rel}","templated":true}]}}