{"id":2029,"date":"2014-11-13T09:32:56","date_gmt":"2014-11-13T07:32:56","guid":{"rendered":"http:\/\/www.meier-gerdingh.de\/spd-oberhausen\/wp\/?p=2029"},"modified":"2017-01-03T16:26:03","modified_gmt":"2017-01-03T15:26:03","slug":"mehr-bafoeg-fuer-mehr-chancengleichheit","status":"publish","type":"post","link":"https:\/\/meier-gerdingh.de\/wp-spd-ob\/2014\/11\/13\/mehr-bafoeg-fuer-mehr-chancengleichheit\/","title":{"rendered":"Mehr BAf\u00f6G f\u00fcr mehr Chancengleichheit"},"content":{"rendered":"<div id=\"attachment_1681\" style=\"width: 150px\" class=\"wp-caption alignleft\"><a href=\"http:\/\/meier-gerdingh.de\/wp-spd-ob\/wp-content\/uploads\/voepel_dirk_mdb.jpg\"><img aria-describedby=\"caption-attachment-1681\" decoding=\"async\" class=\"size-full wp-image-1681\" src=\"http:\/\/meier-gerdingh.de\/wp-spd-ob\/wp-content\/uploads\/voepel_dirk_mdb.jpg\" alt=\"Dirk V\u00f6pel ist der direkt gew\u00e4hlte Bundestagsabgeordnete f\u00fcr Oberhausen und Dinslaken\" width=\"140\" height=\"180\" \/><\/a><p id=\"caption-attachment-1681\" class=\"wp-caption-text\">Dirk V\u00f6pel ist der direkt gew\u00e4hlte Bundestagsabgeordnete f\u00fcr Oberhausen und Dinslaken<\/p><\/div>\n<p>Die 25. BAf\u00f6G-Novelle, die der Deutsche Bundestag am gestrigen Abend in zweiter und dritter Lesung verabschiedet hat, bringt ab dem 1. August 2016 sp\u00fcrbare Verbesserungen f\u00fcr Auszubildende und Studierende. &#8222;Durch die Anhebung der Einkommensfreibetr\u00e4ge um 7 Prozent werden 110.000 junge Erwachsene zus\u00e4tzlich von der F\u00f6rderung profitieren. Das ist eine konkrete Ma\u00dfnahme f\u00fcr mehr Chancengleichheit&#8220;, freut sich der Oberhausener Bundestagsabgeordnete Dirk V\u00f6pel.<!--more--><\/p>\n<p>Mit der Erh\u00f6hung der Bedarfss\u00e4tze um 7 Prozent und einer Anhebung der Wohnkosten- und Sozialpauschalen steigen gleichzeitig auch die finanziellen Mittel, die den Gef\u00f6rderten monatlich zur Verf\u00fcgung stehen. Der H\u00f6chstsatz f\u00fcr Studierende, die nicht bei den Eltern wohnen, erh\u00f6ht sich damit von 670 Euro um 9,7 Prozent auf 735 Euro monatlich.<\/p>\n<p>Auch strukturell nimmt die BAf\u00f6G-Reform einige wichtige \u00c4nderungen vor. Die F\u00f6rderl\u00fccke zwischen Bachelor- und Masterstudium wird endlich geschlossen, \u00fcberfl\u00fcssige Leistungsnachweise werden abgeschafft und b\u00fcrokratische H\u00fcrden insgesamt abgebaut. Das BAf\u00f6G wird durch die Reform besser an die Studienrealit\u00e4ten angepasst und insgesamt moderner. Die Online-Antragsstellung, die ab 2016 bundesweit m\u00f6glich sein soll, erleichtert und beschleunigt die Beantragung der F\u00f6rderung.<\/p>\n<p>Ab 1. Januar 2015 \u00fcbernimmt der Bund die Kosten der BAf\u00f6G-Leistungen allein. &#8222;Durch die \u00dcbernahme des L\u00e4nderanteils beim BAf\u00f6G werden die L\u00e4nder dauerhaft um 1,17 Mrd. Euro j\u00e4hrlich entlastet. Dieses Geld werden die L\u00e4nder in Kitas, Schulen oder Hochschulen investieren. Damit wird die Bildungsfinanzierung auch in Oberhausen nachhaltig gest\u00e4rkt&#8220;, so Dirk V\u00f6pel.<\/p>\n","protected":false},"excerpt":{"rendered":"<p>Die 25. BAf\u00f6G-Novelle, die der Deutsche Bundestag am gestrigen Abend in zweiter und dritter Lesung verabschiedet hat, bringt ab dem 1. August 2016 sp\u00fcrbare Verbesserungen f\u00fcr Auszubildende und Studierende. &#8222;Durch&hellip; <\/p>\n","protected":false},"author":1,"featured_media":0,"comment_status":"closed","ping_status":"closed","sticky":false,"template":"","format":"standard","meta":{"footnotes":""},"categories":[231],"tags":[233,232,229],"quellen":[330],"class_list":["post-2029","post","type-post","status-publish","format-standard","hentry","category-bildung","tag-bafoeg","tag-bafoeg-reform","tag-bundesmittel","quellen-mdb-dirk-voepel"],"_links":{"self":[{"href":"https:\/\/meier-gerdingh.de\/wp-spd-ob\/wp-json\/wp\/v2\/posts\/2029","targetHints":{"allow":["GET"]}}],"collection":[{"href":"https:\/\/meier-gerdingh.de\/wp-spd-ob\/wp-json\/wp\/v2\/posts"}],"about":[{"href":"https:\/\/meier-gerdingh.de\/wp-spd-ob\/wp-json\/wp\/v2\/types\/post"}],"author":[{"embeddable":true,"href":"https:\/\/meier-gerdingh.de\/wp-spd-ob\/wp-json\/wp\/v2\/users\/1"}],"replies":[{"embeddable":true,"href":"https:\/\/meier-gerdingh.de\/wp-spd-ob\/wp-json\/wp\/v2\/comments?post=2029"}],"version-history":[{"count":0,"href":"https:\/\/meier-gerdingh.de\/wp-spd-ob\/wp-json\/wp\/v2\/posts\/2029\/revisions"}],"wp:attachment":[{"href":"https:\/\/meier-gerdingh.de\/wp-spd-ob\/wp-json\/wp\/v2\/media?parent=2029"}],"wp:term":[{"taxonomy":"category","embeddable":true,"href":"https:\/\/meier-gerdingh.de\/wp-spd-ob\/wp-json\/wp\/v2\/categories?post=2029"},{"taxonomy":"post_tag","embeddable":true,"href":"https:\/\/meier-gerdingh.de\/wp-spd-ob\/wp-json\/wp\/v2\/tags?post=2029"},{"taxonomy":"quellen","embeddable":true,"href":"https:\/\/meier-gerdingh.de\/wp-spd-ob\/wp-json\/wp\/v2\/quellen?post=2029"}],"curies":[{"name":"wp","href":"https:\/\/api.w.org\/{rel}","templated":true}]}}