{"id":203,"date":"2002-12-18T17:00:00","date_gmt":"2002-12-18T15:00:00","guid":{"rendered":"http:\/\/www.meier-gerdingh.de\/spd-oberhausen\/wp\/?p=203"},"modified":"2017-05-10T18:34:47","modified_gmt":"2017-05-10T16:34:47","slug":"bewilligungsbescheid-fuer-lirich-liegt-vor","status":"publish","type":"post","link":"https:\/\/meier-gerdingh.de\/wp-spd-ob\/2002\/12\/18\/bewilligungsbescheid-fuer-lirich-liegt-vor\/","title":{"rendered":"Bewilligungsbescheid f\u00fcr Lirich liegt vor"},"content":{"rendered":"<div style=\"width: 150px\" class=\"wp-caption alignleft\"><a href=\"http:\/\/meier-gerdingh.de\/wp-spd-ob\/wp-content\/uploads\/landtagganz1.jpg\"><img decoding=\"async\" class=\"size-full\" src=\"http:\/\/meier-gerdingh.de\/wp-spd-ob\/wp-content\/uploads\/landtagganz1.jpg\" alt=\"Landtag von Nordrhein-Westfalen\" width=\"140\" height=\"187\" \/><\/a><p class=\"wp-caption-text\">Landtag von Nordrhein-Westfalen<\/p><\/div>\n<p>Kurz vor Weihnachten noch eine erfreuliche Nachricht aus D\u00fcsseldorf: der Bescheid, mit dem der Oberhausener Stadtteil Lirich in das Landesf\u00f6rderprogramm aufgenommen wird, ist nunmehr auch offiziell im Rathaus eingetroffen. Dies hat eine entsprechende Anfrage der SPD-Fraktion zum Ergebnis.<!--more--><\/p>\n<p>Getreu dem Motto &#8222;Was lange w\u00e4hrt, wird endlich gut&#8220; findet mit diesem Bescheid ein diskussionsreicher Weg einen ersten Abschluss. Dass es sich lohnt, f\u00fcr die Teilnahme des Stadtteils zu ringen, ist aus Sicht der Sozialdemokraten unstrittig. Denn: Wie wichtig die Beteiligung an diesem Landesf\u00f6rderprogramm f\u00fcr die Entwicklung eines Stadtteils sein kann, l\u00e4sst sich ganz praktisch am Fortschritt im Knappenviertel belegen. Alle Bausteine des Landesprogramms, ob z.B. der \u00e4u\u00dferst gelungene Umbau von Wohnungen am Strickersweg oder der Umbau des Bunkers zum B\u00fcrgerzentrum Alte Heid machen auf beeindruckende Weise deutlich, dass die Wirksamkeit des Landesprogramms in Oberhausen unstrittig ist.<\/p>\n<p>Der SPD-Fraktionsvorsitzende Wolfgang Gro\u00dfe Br\u00f6mer: &#8222;Auf dieser Grundlage kann und wird dem Beispiel Knappenviertel folgend die Arbeit aufgenommen werden.&#8220;<\/p>\n","protected":false},"excerpt":{"rendered":"<p>Kurz vor Weihnachten noch eine erfreuliche Nachricht aus D\u00fcsseldorf: der Bescheid, mit dem der Oberhausener Stadtteil Lirich in das Landesf\u00f6rderprogramm aufgenommen wird, ist nunmehr auch offiziell im Rathaus eingetroffen. Dies&hellip; <\/p>\n","protected":false},"author":1,"featured_media":0,"comment_status":"closed","ping_status":"closed","sticky":false,"template":"","format":"standard","meta":{"footnotes":""},"categories":[1],"tags":[],"quellen":[],"class_list":["post-203","post","type-post","status-publish","format-standard","hentry","category-allgemein"],"_links":{"self":[{"href":"https:\/\/meier-gerdingh.de\/wp-spd-ob\/wp-json\/wp\/v2\/posts\/203","targetHints":{"allow":["GET"]}}],"collection":[{"href":"https:\/\/meier-gerdingh.de\/wp-spd-ob\/wp-json\/wp\/v2\/posts"}],"about":[{"href":"https:\/\/meier-gerdingh.de\/wp-spd-ob\/wp-json\/wp\/v2\/types\/post"}],"author":[{"embeddable":true,"href":"https:\/\/meier-gerdingh.de\/wp-spd-ob\/wp-json\/wp\/v2\/users\/1"}],"replies":[{"embeddable":true,"href":"https:\/\/meier-gerdingh.de\/wp-spd-ob\/wp-json\/wp\/v2\/comments?post=203"}],"version-history":[{"count":0,"href":"https:\/\/meier-gerdingh.de\/wp-spd-ob\/wp-json\/wp\/v2\/posts\/203\/revisions"}],"wp:attachment":[{"href":"https:\/\/meier-gerdingh.de\/wp-spd-ob\/wp-json\/wp\/v2\/media?parent=203"}],"wp:term":[{"taxonomy":"category","embeddable":true,"href":"https:\/\/meier-gerdingh.de\/wp-spd-ob\/wp-json\/wp\/v2\/categories?post=203"},{"taxonomy":"post_tag","embeddable":true,"href":"https:\/\/meier-gerdingh.de\/wp-spd-ob\/wp-json\/wp\/v2\/tags?post=203"},{"taxonomy":"quellen","embeddable":true,"href":"https:\/\/meier-gerdingh.de\/wp-spd-ob\/wp-json\/wp\/v2\/quellen?post=203"}],"curies":[{"name":"wp","href":"https:\/\/api.w.org\/{rel}","templated":true}]}}