{"id":2036,"date":"2014-11-25T10:00:04","date_gmt":"2014-11-25T08:00:04","guid":{"rendered":"http:\/\/www.meier-gerdingh.de\/spd-oberhausen\/wp\/?p=2036"},"modified":"2018-12-06T17:07:38","modified_gmt":"2018-12-06T16:07:38","slug":"fluechtlingshilfe-verbessert","status":"publish","type":"post","link":"https:\/\/meier-gerdingh.de\/wp-spd-ob\/2014\/11\/25\/fluechtlingshilfe-verbessert\/","title":{"rendered":"Fl\u00fcchtlingshilfe verbessert"},"content":{"rendered":"<div id=\"attachment_1411\" style=\"width: 210px\" class=\"wp-caption alignleft\"><a href=\"http:\/\/meier-gerdingh.de\/wp-spd-ob\/wp-content\/uploads\/grosse-broemer_zimkeit.jpg\"><img aria-describedby=\"caption-attachment-1411\" decoding=\"async\" class=\"size-full wp-image-1411\" src=\"http:\/\/meier-gerdingh.de\/wp-spd-ob\/wp-content\/uploads\/grosse-broemer_zimkeit.jpg\" alt=\"Die beiden Oberhausener Landtagsbageordneten Wolfgang Gro\u00dfe Br\u00f6mer und Stefan Zimkeit\" width=\"200\" height=\"138\" \/><\/a><p id=\"caption-attachment-1411\" class=\"wp-caption-text\">Die beiden Oberhausener Landtagsbageordneten Wolfgang Gro\u00dfe Br\u00f6mer und Stefan Zimkeit<\/p><\/div>\n<p>Insgesamt 91 Millionen Euro zus\u00e4tzlich stellt NRW f\u00fcr die Unterbringung und Betreuung von Fl\u00fcchtlingen zu Verf\u00fcgung, teilen die Landtagsabgeordneten Wolfgang Gro\u00dfe Br\u00f6mer und Stefan Zimkeit mit. &#8222;Davon profitiert auch Oberhausen, da wir die Pauschalen f\u00fcr die Kommunen um 22 Prozent erh\u00f6he&#8220;, betont SPD-Ratsfraktionschef Gro\u00dfe Br\u00f6mer. &#8222;300 zus\u00e4tzliche Lehrerinnen und Lehrer sollen dabei helfen, den Fl\u00fcchtlingskindern das Erlernen der deutschen Sprache zu erm\u00f6glichen und die Schulen zu entlasten&#8220;, sagt Zimkeit.<!--more--><\/p>\n<p>&#8222;Knapp vier Millionen Euro flie\u00dfen in die offenen Ganztagsgrundschulen. Au\u00dferdem erhalten die St\u00e4dte sechs Millionen Euro, um kleinen Kindern, die traumatische Erlebnisse verarbeiten m\u00fcssen, zu helfen. F\u00fcr sie wird es besondere Angebote innerhalb des Kita-Systems geben&#8220;, f\u00fchrt der SPD-Abgeordnete aus.<\/p>\n<p>&#8222;Insbesondere vor dem Krieg in Syrien und Irak fliehen viele Familien zu uns. Wir m\u00fcssen diesen Menschen helfen&#8220;, weist Zimkeit auf die humanit\u00e4re Verpflichtung hin, die ein vergleichsweise wohlhabendes Land habe. &#8222;Wir d\u00fcrfen die St\u00e4dte bei den Hilfen f\u00fcr die Asylbewerber nicht allein lassen&#8220;, unterstreicht Stefan Zimkeit. Dazu z\u00e4hle auch die Einrichtung eines H\u00e4rtefallfonds f\u00fcr Krankheitskosten sowie ein Verdoppelung der Mittel f\u00fcr die soziale und psychosoziale Beratung von Fl\u00fcchtlingen.<\/p>\n<p>&#8222;Au\u00dferdem wird NRW Gelder zur Verf\u00fcgung stellen, um Ehrenamtler zu qualifizieren und zu unterst\u00fctzen&#8220;, erg\u00e4nzt Wolfgang Gro\u00dfe Br\u00f6mer. Gerade bei der Hilfe f\u00fcr Fl\u00fcchtlinge gebe es ein beeindruckendes Ma\u00df an freiwillig engagierten B\u00fcrgerinnen und B\u00fcrgern. Stefan Zimkeit weist au\u00dferdem darauf hin, dass der Bund ebenfalls seinen Beitrag leisten muss, um die St\u00e4dte bei der Bew\u00e4ltigung der Aufnahme von Fl\u00fcchtlingen zu helfen.<\/p>\n<p>&#8222;Deshalb ist es richtig, dass Sigmar Gabriel bereits f\u00fcr das n\u00e4chste Jahr eine Milliarde Euro zus\u00e4tzliche Bundesmittel fordert. Die Union muss dabei ihre Blockadehaltung aufgeben&#8220;, verlangt der SPD-Landtagsabgeordnete.<\/p>\n","protected":false},"excerpt":{"rendered":"<p>Insgesamt 91 Millionen Euro zus\u00e4tzlich stellt NRW f\u00fcr die Unterbringung und Betreuung von Fl\u00fcchtlingen zu Verf\u00fcgung, teilen die Landtagsabgeordneten Wolfgang Gro\u00dfe Br\u00f6mer und Stefan Zimkeit mit. &#8222;Davon profitiert auch Oberhausen,&hellip; <\/p>\n","protected":false},"author":1,"featured_media":0,"comment_status":"closed","ping_status":"closed","sticky":false,"template":"","format":"standard","meta":{"footnotes":""},"categories":[61,179],"tags":[210,209,242,165,1509],"quellen":[331,329],"class_list":["post-2036","post","type-post","status-publish","format-standard","hentry","category-integration","category-kinder-und-jugendliche","tag-asylbewerber","tag-fluechtlinge","tag-fluechtlingshilfe","tag-kitas","tag-offener-ganztag-ogs","quellen-mdl-stefan-zimkeit","quellen-mdl-wolfgang-grosse-broemer"],"_links":{"self":[{"href":"https:\/\/meier-gerdingh.de\/wp-spd-ob\/wp-json\/wp\/v2\/posts\/2036","targetHints":{"allow":["GET"]}}],"collection":[{"href":"https:\/\/meier-gerdingh.de\/wp-spd-ob\/wp-json\/wp\/v2\/posts"}],"about":[{"href":"https:\/\/meier-gerdingh.de\/wp-spd-ob\/wp-json\/wp\/v2\/types\/post"}],"author":[{"embeddable":true,"href":"https:\/\/meier-gerdingh.de\/wp-spd-ob\/wp-json\/wp\/v2\/users\/1"}],"replies":[{"embeddable":true,"href":"https:\/\/meier-gerdingh.de\/wp-spd-ob\/wp-json\/wp\/v2\/comments?post=2036"}],"version-history":[{"count":0,"href":"https:\/\/meier-gerdingh.de\/wp-spd-ob\/wp-json\/wp\/v2\/posts\/2036\/revisions"}],"wp:attachment":[{"href":"https:\/\/meier-gerdingh.de\/wp-spd-ob\/wp-json\/wp\/v2\/media?parent=2036"}],"wp:term":[{"taxonomy":"category","embeddable":true,"href":"https:\/\/meier-gerdingh.de\/wp-spd-ob\/wp-json\/wp\/v2\/categories?post=2036"},{"taxonomy":"post_tag","embeddable":true,"href":"https:\/\/meier-gerdingh.de\/wp-spd-ob\/wp-json\/wp\/v2\/tags?post=2036"},{"taxonomy":"quellen","embeddable":true,"href":"https:\/\/meier-gerdingh.de\/wp-spd-ob\/wp-json\/wp\/v2\/quellen?post=2036"}],"curies":[{"name":"wp","href":"https:\/\/api.w.org\/{rel}","templated":true}]}}