{"id":2037,"date":"2014-11-27T10:18:03","date_gmt":"2014-11-27T08:18:03","guid":{"rendered":"http:\/\/www.meier-gerdingh.de\/spd-oberhausen\/wp\/?p=2037"},"modified":"2017-01-03T16:24:20","modified_gmt":"2017-01-03T15:24:20","slug":"910-000-euro-fuer-die-schulsozialarbeit-in-oberhausen","status":"publish","type":"post","link":"https:\/\/meier-gerdingh.de\/wp-spd-ob\/2014\/11\/27\/910-000-euro-fuer-die-schulsozialarbeit-in-oberhausen\/","title":{"rendered":"910.000 Euro f\u00fcr die Schulsozialarbeit in Oberhausen"},"content":{"rendered":"<div id=\"attachment_1411\" style=\"width: 210px\" class=\"wp-caption alignleft\"><a href=\"http:\/\/meier-gerdingh.de\/wp-spd-ob\/wp-content\/uploads\/grosse-broemer_zimkeit.jpg\"><img aria-describedby=\"caption-attachment-1411\" decoding=\"async\" class=\"size-full wp-image-1411\" src=\"http:\/\/meier-gerdingh.de\/wp-spd-ob\/wp-content\/uploads\/grosse-broemer_zimkeit.jpg\" alt=\"Die beiden Oberhausener Landtagsbageordneten Wolfgang Gro\u00dfe Br\u00f6mer und Stefan Zimkeit\" width=\"200\" height=\"138\" \/><\/a><p id=\"caption-attachment-1411\" class=\"wp-caption-text\">Die beiden Oberhausener Landtagsbageordneten Wolfgang Gro\u00dfe Br\u00f6mer und Stefan Zimkeit<\/p><\/div>\n<p>NRW \u00fcbernimmt 80 Prozent der Kosten f\u00fcr die Schulsozialarbeit in Oberhausen. Damit sei deren Weiterf\u00fchrung gesichert, freuen sich die Landtagsabgeordneten Wolfgang Gro\u00dfe Br\u00f6mer und Stefan Zimkeit. &#8222;910.000 Euro pro Jahr wird NRW der Stadt Oberhausen f\u00fcr 25 Stellen \u00fcberweisen&#8220;, so Gro\u00dfe Br\u00f6mer. &#8222;Urspr\u00fcnglich war die Schulsozialarbeit eine Aufgabe des Bundes und Teil des Bildungs- und Teilhabepaketes. Doch leider kommt die Bundesregierung ihrer Verantwortung seit diesem Jahr nicht mehr nach&#8220;, kritisiert Zimkeit.<!--more--><\/p>\n<p>Nun habe die rot-gr\u00fcne Landtagskoalition beschlossen, an Stelle des Bundes die Finanzierung zu \u00fcbernehmen. &#8222;NRW tr\u00e4gt dabei zwischen 50 und 80 Prozent der Personalkosten, die in den Kommunen anfallen. Bei dem Verteilschl\u00fcssel ist der tats\u00e4chliche Bedarf der St\u00e4dte entscheidend. Weil Oberhausen gr\u00f6\u00dfere soziale Herausforderungen zu bew\u00e4ltigen hat, gibt es bei uns eine 80-prozentige Kosten\u00fcbername&#8220;, so Stefan Zimkeit. &#8222;Von dem Programm profitieren vor allem benachteiligte Kinder und Jugendliche&#8220;, hebt Wolfgang Gro\u00dfe Br\u00f6mer hervor.<\/p>\n<p>&#8222;Die Schulsozialarbeit soll dazu beitragen, soziale Benachteiligungen auszugleichen und gleiche Chancen auf Bildung herzustellen. Die Sozialarbeiterinnen und Sozialarbeiter werden an Grundschulen, in den ersten Klassen der Haupt- und F\u00f6rderschulen, beim \u00dcbergang in den Beruf und auch im Umfeld der Schulen eingesetzt&#8220;, erl\u00e4utert der Vorsitzende des Landtagsschulausschusses.<\/p>\n","protected":false},"excerpt":{"rendered":"<p>NRW \u00fcbernimmt 80 Prozent der Kosten f\u00fcr die Schulsozialarbeit in Oberhausen. Damit sei deren Weiterf\u00fchrung gesichert, freuen sich die Landtagsabgeordneten Wolfgang Gro\u00dfe Br\u00f6mer und Stefan Zimkeit. &#8222;910.000 Euro pro Jahr&hellip; <\/p>\n","protected":false},"author":1,"featured_media":0,"comment_status":"closed","ping_status":"closed","sticky":false,"template":"","format":"standard","meta":{"footnotes":""},"categories":[179,2],"tags":[229,244,245,123],"quellen":[331,329],"class_list":["post-2037","post","type-post","status-publish","format-standard","hentry","category-kinder-und-jugendliche","category-schule","tag-bundesmittel","tag-chancengleichheit","tag-landesmittel","tag-schulsozialarbeit","quellen-mdl-stefan-zimkeit","quellen-mdl-wolfgang-grosse-broemer"],"_links":{"self":[{"href":"https:\/\/meier-gerdingh.de\/wp-spd-ob\/wp-json\/wp\/v2\/posts\/2037","targetHints":{"allow":["GET"]}}],"collection":[{"href":"https:\/\/meier-gerdingh.de\/wp-spd-ob\/wp-json\/wp\/v2\/posts"}],"about":[{"href":"https:\/\/meier-gerdingh.de\/wp-spd-ob\/wp-json\/wp\/v2\/types\/post"}],"author":[{"embeddable":true,"href":"https:\/\/meier-gerdingh.de\/wp-spd-ob\/wp-json\/wp\/v2\/users\/1"}],"replies":[{"embeddable":true,"href":"https:\/\/meier-gerdingh.de\/wp-spd-ob\/wp-json\/wp\/v2\/comments?post=2037"}],"version-history":[{"count":0,"href":"https:\/\/meier-gerdingh.de\/wp-spd-ob\/wp-json\/wp\/v2\/posts\/2037\/revisions"}],"wp:attachment":[{"href":"https:\/\/meier-gerdingh.de\/wp-spd-ob\/wp-json\/wp\/v2\/media?parent=2037"}],"wp:term":[{"taxonomy":"category","embeddable":true,"href":"https:\/\/meier-gerdingh.de\/wp-spd-ob\/wp-json\/wp\/v2\/categories?post=2037"},{"taxonomy":"post_tag","embeddable":true,"href":"https:\/\/meier-gerdingh.de\/wp-spd-ob\/wp-json\/wp\/v2\/tags?post=2037"},{"taxonomy":"quellen","embeddable":true,"href":"https:\/\/meier-gerdingh.de\/wp-spd-ob\/wp-json\/wp\/v2\/quellen?post=2037"}],"curies":[{"name":"wp","href":"https:\/\/api.w.org\/{rel}","templated":true}]}}