{"id":2038,"date":"2014-12-01T18:02:06","date_gmt":"2014-12-01T16:02:06","guid":{"rendered":"http:\/\/www.meier-gerdingh.de\/spd-oberhausen\/wp\/?p=2038"},"modified":"2017-01-03T16:24:02","modified_gmt":"2017-01-03T15:24:02","slug":"grosse-broemer-und-zimkeit-ziehen-positive-halbzeitbilanz","status":"publish","type":"post","link":"https:\/\/meier-gerdingh.de\/wp-spd-ob\/2014\/12\/01\/grosse-broemer-und-zimkeit-ziehen-positive-halbzeitbilanz\/","title":{"rendered":"Gro\u00dfe Br\u00f6mer und Zimkeit ziehen positive Halbzeitbilanz"},"content":{"rendered":"<p><em>Eine positive Halbzeitbilanz ziehen Wolfgang Gro\u00dfe Br\u00f6mer und Stefan Zimkeit zweieinhalb Jahre nach der letzten Landtagswahl.<\/em><\/p>\n<div id=\"attachment_1484\" style=\"width: 150px\" class=\"wp-caption alignleft\"><a href=\"http:\/\/meier-gerdingh.de\/wp-spd-ob\/wp-content\/uploads\/landtagganz1.jpg\"><img aria-describedby=\"caption-attachment-1484\" decoding=\"async\" class=\"size-full wp-image-1484\" src=\"http:\/\/meier-gerdingh.de\/wp-spd-ob\/wp-content\/uploads\/landtagganz1.jpg\" alt=\"Halbzeit im Landtag von Nordrhein-Westfalen.\" width=\"140\" height=\"187\" \/><\/a><p id=\"caption-attachment-1484\" class=\"wp-caption-text\">Halbzeit im Landtag von Nordrhein-Westfalen.<\/p><\/div>\n<p>&#8222;F\u00fcr Oberhausen ist die rot-gr\u00fcne Landtagskoalition ein Gl\u00fccksgriff. Mit dem St\u00e4rkungspakt Stadtfinanzen hat unsere Stadt endlich wieder Handlungsspielraum gewonnen&#8220;, sagt Zimkeit. &#8222;NRW macht Politik f\u00fcr die St\u00e4dte, damit diese lebenswert bleiben. Inzwischen sind fast ein Drittel aller Landesausgaben f\u00fcr die Kommunen bestimmt.&#8220; Gro\u00dfe Br\u00f6mer hebt besonders die Investitionen f\u00fcr die Bildung hervor: &#8222;Wir unternehmen gro\u00dfe Anstrengungen, um einen gemeinsamen Unterricht f\u00fcr behinderte und nichtbehinderte Kinder zur Regel zu machen.&#8220;<!--more--><\/p>\n<p>Bei den Kitas lag der Schwerpunkt auf der Schaffung von Pl\u00e4tzen f\u00fcr Unter-Dreij\u00e4hrige. &#8222;Hier haben wir das Ziel erreicht, den Rechtsanspruch auf einen Betreuungsplatz zu erf\u00fcllen. Das gilt f\u00fcr NRW genauso wie f\u00fcr Oberhausen&#8220;, so Wolfgang Gro\u00dfe Br\u00f6mer. Stefan Zimkeit erg\u00e4nzt, dass auch in die Qualit\u00e4t der Kitas sowie deren Bildungsangebote und Sprachf\u00f6rderung deutlich mehr Geld flie\u00dfe. &#8222;Davon profitieren insbesondere Kinderg\u00e4rten in sozial benachteiligten Stadteilen. 27 zus\u00e4tzliche Erzieherinnenstellen bedeutet das f\u00fcr unsere Stadt.&#8220;<\/p>\n<p>Wichtig sei auch das Engagement des Landes f\u00fcr einen sozialen St\u00e4dtebau. &#8222;Die SPD hat daf\u00fcr gesorgt, dass sich nun auch Berlin wieder in gro\u00dfem Ma\u00dfe an der St\u00e4dtebaufinanzierung beteiligt. Das kommt wichtigen Projekten in Oberhausens Stadtteilen zu Gute, allein in diesem Jahr flie\u00dfen 4,3 Millionen Euro&#8220;, sagt Gro\u00dfe Br\u00f6mer.<\/p>\n<p>Stefan Zimkeit r\u00e4umt ein, dass die Lage des Landeshaushaltes nicht einfach ist. &#8222;Wir haben es geschafft, die Neuverschuldung im Hinblick auf die Schuldenbremse best\u00e4ndig abzusenken. Negativ ist, dass die Benachteiligung unseres Landes im Vergleich zu anderen L\u00e4ndern immer noch anh\u00e4lt. Zu viel Geld wird nicht nach Bed\u00fcrftigkeit verteilt, sondern flie\u00dft nach Himmelsrichtung in den Osten.&#8220; Entscheidend sei auch der Kampf gegen die Steuerhinterziehung. &#8222;NRW hat dabei mit dem Ankauf von schweizerischen Steuer-CDs einen wichtigen Beitrag geleistet.&#8220;<\/p>\n<p>Zimkeit sagt, dass in den letzten Jahren vieles gut gelungen sei, manches aber auch selbstkritisch gesehen werden muss. &#8222;Insbesondere die gewaltt\u00e4tigen \u00dcbergriffe auf Fl\u00fcchtlinge in einigen NRW-Asylbewerberheimen haben mich schockiert und besch\u00e4mt. Jetzt wissen wir, dass wir besser h\u00e4tten hinschauen m\u00fcssen.&#8220;<\/p>\n","protected":false},"excerpt":{"rendered":"<p>Eine positive Halbzeitbilanz ziehen Wolfgang Gro\u00dfe Br\u00f6mer und Stefan Zimkeit zweieinhalb Jahre nach der letzten Landtagswahl. &#8222;F\u00fcr Oberhausen ist die rot-gr\u00fcne Landtagskoalition ein Gl\u00fccksgriff. Mit dem St\u00e4rkungspakt Stadtfinanzen hat unsere&hellip; <\/p>\n","protected":false},"author":1,"featured_media":0,"comment_status":"closed","ping_status":"closed","sticky":false,"template":"","format":"standard","meta":{"footnotes":""},"categories":[216],"tags":[210,249,209,4,247,3,168,248,246,60],"quellen":[331,329],"class_list":["post-2038","post","type-post","status-publish","format-standard","hentry","category-land","tag-asylbewerber","tag-bildungsinvestitionen","tag-fluechtlinge","tag-gemeinsamer-unterricht","tag-halbzeitbilanz-landtag-nrw","tag-inklusion","tag-kinderbetreuung","tag-landeshaushalt-nrw","tag-rot-gruene-landesregierung","tag-schuldenbremse","quellen-mdl-stefan-zimkeit","quellen-mdl-wolfgang-grosse-broemer"],"_links":{"self":[{"href":"https:\/\/meier-gerdingh.de\/wp-spd-ob\/wp-json\/wp\/v2\/posts\/2038","targetHints":{"allow":["GET"]}}],"collection":[{"href":"https:\/\/meier-gerdingh.de\/wp-spd-ob\/wp-json\/wp\/v2\/posts"}],"about":[{"href":"https:\/\/meier-gerdingh.de\/wp-spd-ob\/wp-json\/wp\/v2\/types\/post"}],"author":[{"embeddable":true,"href":"https:\/\/meier-gerdingh.de\/wp-spd-ob\/wp-json\/wp\/v2\/users\/1"}],"replies":[{"embeddable":true,"href":"https:\/\/meier-gerdingh.de\/wp-spd-ob\/wp-json\/wp\/v2\/comments?post=2038"}],"version-history":[{"count":0,"href":"https:\/\/meier-gerdingh.de\/wp-spd-ob\/wp-json\/wp\/v2\/posts\/2038\/revisions"}],"wp:attachment":[{"href":"https:\/\/meier-gerdingh.de\/wp-spd-ob\/wp-json\/wp\/v2\/media?parent=2038"}],"wp:term":[{"taxonomy":"category","embeddable":true,"href":"https:\/\/meier-gerdingh.de\/wp-spd-ob\/wp-json\/wp\/v2\/categories?post=2038"},{"taxonomy":"post_tag","embeddable":true,"href":"https:\/\/meier-gerdingh.de\/wp-spd-ob\/wp-json\/wp\/v2\/tags?post=2038"},{"taxonomy":"quellen","embeddable":true,"href":"https:\/\/meier-gerdingh.de\/wp-spd-ob\/wp-json\/wp\/v2\/quellen?post=2038"}],"curies":[{"name":"wp","href":"https:\/\/api.w.org\/{rel}","templated":true}]}}