{"id":204,"date":"2002-12-20T17:00:00","date_gmt":"2002-12-20T15:00:00","guid":{"rendered":"http:\/\/www.meier-gerdingh.de\/spd-oberhausen\/wp\/?p=204"},"modified":"2017-05-10T18:34:30","modified_gmt":"2017-05-10T16:34:30","slug":"verfahren-so-nicht-hinnehmbar","status":"publish","type":"post","link":"https:\/\/meier-gerdingh.de\/wp-spd-ob\/2002\/12\/20\/verfahren-so-nicht-hinnehmbar\/","title":{"rendered":"&#8222;Verfahren so nicht hinnehmbar&#8220;"},"content":{"rendered":"<div style=\"width: 150px\" class=\"wp-caption alignleft\"><a href=\"http:\/\/meier-gerdingh.de\/wp-spd-ob\/wp-content\/uploads\/grosse_broemer_rede.jpg\"><img decoding=\"async\" class=\"size-full\" src=\"http:\/\/meier-gerdingh.de\/wp-spd-ob\/wp-content\/uploads\/grosse_broemer_rede.jpg\" alt=\"Wolfgang Gro\u00dfe Br\u00f6mer, MdL und Vorsitzender der Oberhausener SPD-Ratsfraktion\" width=\"140\" height=\"186\" \/><\/a><p class=\"wp-caption-text\">Wolfgang Gro\u00dfe Br\u00f6mer, MdL und Vorsitzender der Oberhausener SPD-Ratsfraktion<\/p><\/div>\n<p>&#8222;Dieses Verfahren ist so nicht hinnehmbar.&#8220; So reagierte Wolfgang Gro\u00dfe Br\u00f6mer, Vorsitzender der SPD Ratsfraktion und Oberhausener Landtagsabgeordneter, auf die Ank\u00fcndigung der LEG, 260 Wohnungen auf dem Tackenberg zu ver\u00e4u\u00dfern. Gro\u00dfe Br\u00f6mer kritisierte das Vorgehen der Landesentwicklungsgesellschaft und k\u00fcndigte an, dies beim zust\u00e4ndigen Landesminister Vesper (Gr\u00fcne) zu hinterfragen.<!--more--><\/p>\n<p>Insbesondere die Tatsache, dass die Stadt erst mit Schreiben vom 19.12. dar\u00fcber informiert wird, dass der Verkauf am 30.12. abgeschlossen sein soll, l\u00f6ste bei der SPD Emp\u00f6rung aus. Insbesondere weil die LEG zugesagt hatte fr\u00fchzeitig \u00fcber Verkaufsvorhaben zu informieren.<\/p>\n<p>&#8222;Nun geht es darum, die Rechte der Mieterinnen und Mieter der betroffenen Wohneinheiten zu sichern&#8220;, erkl\u00e4rte der zust\u00e4ndige SPD-Stadtverordnete Stefan Zimkeit weiter. F\u00fcr sie d\u00fcrfe es keine Verschlechterungen geben. Au\u00dferdem m\u00fcsse sicher gestellt werden, dass unter dem neuen Eigent\u00fcmer notwendige Sanierungsmassnahmen durchgef\u00fchrt werden.<\/p>\n<p>Um diese Ziele zu erreichen und um der LEG deutlich zu machen, dass ihr Vorgehen nicht akzeptabel ist, will die SPD-Ratsfraktion schnellstm\u00f6glich mit der LEG und mit dem voraussichtlichen neuen Eigent\u00fcmer ins Gespr\u00e4ch kommen.<\/p>\n<p>&#8222;Au\u00dferdem wollen wir baldm\u00f6glichst eine Mieterversammlung organisieren, zu der beide Unternehmen eingeladen werden, damit die Betroffenen umfassend informiert werden&#8220;, k\u00fcndigte der wohnungspolitische Sprecher der SPD-Ratsfraktion Guntram Gro\u00dfenbrink an.<\/p>\n","protected":false},"excerpt":{"rendered":"<p>&#8222;Dieses Verfahren ist so nicht hinnehmbar.&#8220; So reagierte Wolfgang Gro\u00dfe Br\u00f6mer, Vorsitzender der SPD Ratsfraktion und Oberhausener Landtagsabgeordneter, auf die Ank\u00fcndigung der LEG, 260 Wohnungen auf dem Tackenberg zu ver\u00e4u\u00dfern.&hellip; <\/p>\n","protected":false},"author":1,"featured_media":0,"comment_status":"closed","ping_status":"closed","sticky":false,"template":"","format":"standard","meta":{"footnotes":""},"categories":[1],"tags":[],"quellen":[],"class_list":["post-204","post","type-post","status-publish","format-standard","hentry","category-allgemein"],"_links":{"self":[{"href":"https:\/\/meier-gerdingh.de\/wp-spd-ob\/wp-json\/wp\/v2\/posts\/204","targetHints":{"allow":["GET"]}}],"collection":[{"href":"https:\/\/meier-gerdingh.de\/wp-spd-ob\/wp-json\/wp\/v2\/posts"}],"about":[{"href":"https:\/\/meier-gerdingh.de\/wp-spd-ob\/wp-json\/wp\/v2\/types\/post"}],"author":[{"embeddable":true,"href":"https:\/\/meier-gerdingh.de\/wp-spd-ob\/wp-json\/wp\/v2\/users\/1"}],"replies":[{"embeddable":true,"href":"https:\/\/meier-gerdingh.de\/wp-spd-ob\/wp-json\/wp\/v2\/comments?post=204"}],"version-history":[{"count":0,"href":"https:\/\/meier-gerdingh.de\/wp-spd-ob\/wp-json\/wp\/v2\/posts\/204\/revisions"}],"wp:attachment":[{"href":"https:\/\/meier-gerdingh.de\/wp-spd-ob\/wp-json\/wp\/v2\/media?parent=204"}],"wp:term":[{"taxonomy":"category","embeddable":true,"href":"https:\/\/meier-gerdingh.de\/wp-spd-ob\/wp-json\/wp\/v2\/categories?post=204"},{"taxonomy":"post_tag","embeddable":true,"href":"https:\/\/meier-gerdingh.de\/wp-spd-ob\/wp-json\/wp\/v2\/tags?post=204"},{"taxonomy":"quellen","embeddable":true,"href":"https:\/\/meier-gerdingh.de\/wp-spd-ob\/wp-json\/wp\/v2\/quellen?post=204"}],"curies":[{"name":"wp","href":"https:\/\/api.w.org\/{rel}","templated":true}]}}