{"id":208,"date":"2003-01-16T17:00:00","date_gmt":"2003-01-16T15:00:00","guid":{"rendered":"http:\/\/www.meier-gerdingh.de\/spd-oberhausen\/wp\/?p=208"},"modified":"2017-05-10T18:32:18","modified_gmt":"2017-05-10T16:32:18","slug":"grundsaetzliches-ja-zu-staedteuebergreifender-kooperation-im-nahverkehr","status":"publish","type":"post","link":"https:\/\/meier-gerdingh.de\/wp-spd-ob\/2003\/01\/16\/grundsaetzliches-ja-zu-staedteuebergreifender-kooperation-im-nahverkehr\/","title":{"rendered":"Grunds\u00e4tzliches Ja zu st\u00e4dte\u00fcbergreifender Kooperation im Nahverkehr"},"content":{"rendered":"<div style=\"width: 170px\" class=\"wp-caption alignleft\"><a href=\"http:\/\/meier-gerdingh.de\/wp-spd-ob\/wp-content\/uploads\/strassenbahn.jpg\"><img decoding=\"async\" class=\"size-full\" src=\"http:\/\/meier-gerdingh.de\/wp-spd-ob\/wp-content\/uploads\/strassenbahn.jpg\" alt=\"Stra\u00dfenbahn\" width=\"160\" height=\"140\" \/><\/a><p class=\"wp-caption-text\">Stra\u00dfenbahn<\/p><\/div>\n<p>In einer heute stattgefundenen Sitzung haben sich Vertreter der drei SPD-Ratsfraktionen zu einer st\u00e4dte\u00fcbergreifenden Kooperation der drei MEO-St\u00e4dte bekannt. Mit der Gr\u00fcndung einer gemeinsam getragenen neuen MEO-Fahrbetriebsgesellschaft sollen die Weichen dazu gestellt werden, dass \u00f6ffentlich verantworteter Nahverkehr auch in Zukunft in der Region abgesichert wird.<!--more--><\/p>\n<p>Auf Grundlage erster Planungen der Vorst\u00e4nde der drei Nahverkehrunternehmen EVAG, MVG und STOAG \u00fcber Bedingungen m\u00f6glicher Kooperationsformen haben sich Delegationen der MEO-Ratsfraktionen unter Leitung von Dieter Wiechering (M\u00fclheim), Reinhard Pa\u00df (Essen) und Wolfgang Gro\u00dfe Br\u00f6mer (Oberhausen) in einem ersten Termin grunds\u00e4tzlich positiv zur Gr\u00fcndung einer MEO-Fahrbetriebsgesellschaft und damit zu einem ersten Meilenstein in der st\u00e4dte\u00fcbergreifenden Zusammenarbeit bekannt.<\/p>\n<p>Im Mittelpunkt der Planungen steht, dass den MEO-Verkehrsgesellschaften mit der Kooperation ein wichtiges, gemeinsam getragenes Instrument an die Hand gegeben wird, sich zuk\u00fcnftig \u00e4ndernden Wettbewerbsbedingungen stellen zu k\u00f6nnen. Hier ist es den Spitzenvertretern der Ratsfraktionen besonders wichtig, nicht Kooperationen um der Zusammenarbeit Willen, sondern vielmehr daran zu orientieren, ob sich im Angebot f\u00fcr die B\u00fcrgerinnen und B\u00fcrger, hier konkret z.B. im st\u00e4dte\u00fcbergreifenden Nahverkehr, oder aber in den jeweiligen Stadts\u00e4ckeln nachhaltige Verbesserungen ergeben. Vor diesem Hintergrund ist als Zwischenergebnis festgehalten worden, in den jeweiligen Ratsfraktionen zun\u00e4chst die f\u00fcr Ende Januar avisierten Beschlussvorlagen zu bewerten, bevor m\u00f6glicherweise in einem weiteren gemeinsamen Termin eine letzte Detailabstimmung vorzunehmen ist.<\/p>\n<p>Unabh\u00e4ngig von der weiteren Diskussion zur Umsetzung der MEO-Gesellschaft im Nahverkehr ist in dieser Runde best\u00e4tigt worden, sich zuk\u00fcnftig regelm\u00e4\u00dfig treffen zu wollen.<\/p>\n","protected":false},"excerpt":{"rendered":"<p>In einer heute stattgefundenen Sitzung haben sich Vertreter der drei SPD-Ratsfraktionen zu einer st\u00e4dte\u00fcbergreifenden Kooperation der drei MEO-St\u00e4dte bekannt. Mit der Gr\u00fcndung einer gemeinsam getragenen neuen MEO-Fahrbetriebsgesellschaft sollen die Weichen&hellip; <\/p>\n","protected":false},"author":1,"featured_media":0,"comment_status":"closed","ping_status":"closed","sticky":false,"template":"","format":"standard","meta":{"footnotes":""},"categories":[1],"tags":[],"quellen":[],"class_list":["post-208","post","type-post","status-publish","format-standard","hentry","category-allgemein"],"_links":{"self":[{"href":"https:\/\/meier-gerdingh.de\/wp-spd-ob\/wp-json\/wp\/v2\/posts\/208","targetHints":{"allow":["GET"]}}],"collection":[{"href":"https:\/\/meier-gerdingh.de\/wp-spd-ob\/wp-json\/wp\/v2\/posts"}],"about":[{"href":"https:\/\/meier-gerdingh.de\/wp-spd-ob\/wp-json\/wp\/v2\/types\/post"}],"author":[{"embeddable":true,"href":"https:\/\/meier-gerdingh.de\/wp-spd-ob\/wp-json\/wp\/v2\/users\/1"}],"replies":[{"embeddable":true,"href":"https:\/\/meier-gerdingh.de\/wp-spd-ob\/wp-json\/wp\/v2\/comments?post=208"}],"version-history":[{"count":0,"href":"https:\/\/meier-gerdingh.de\/wp-spd-ob\/wp-json\/wp\/v2\/posts\/208\/revisions"}],"wp:attachment":[{"href":"https:\/\/meier-gerdingh.de\/wp-spd-ob\/wp-json\/wp\/v2\/media?parent=208"}],"wp:term":[{"taxonomy":"category","embeddable":true,"href":"https:\/\/meier-gerdingh.de\/wp-spd-ob\/wp-json\/wp\/v2\/categories?post=208"},{"taxonomy":"post_tag","embeddable":true,"href":"https:\/\/meier-gerdingh.de\/wp-spd-ob\/wp-json\/wp\/v2\/tags?post=208"},{"taxonomy":"quellen","embeddable":true,"href":"https:\/\/meier-gerdingh.de\/wp-spd-ob\/wp-json\/wp\/v2\/quellen?post=208"}],"curies":[{"name":"wp","href":"https:\/\/api.w.org\/{rel}","templated":true}]}}