{"id":21,"date":"2002-03-26T17:00:00","date_gmt":"2002-03-26T15:00:00","guid":{"rendered":"http:\/\/www.meier-gerdingh.de\/spd-oberhausen\/wp\/?p=21"},"modified":"2017-05-12T09:25:04","modified_gmt":"2017-05-12T07:25:04","slug":"spd-fraktion-begruesst-gemeinsame-erklaerung-von-oberbuergermeister-und-personalrat","status":"publish","type":"post","link":"https:\/\/meier-gerdingh.de\/wp-spd-ob\/2002\/03\/26\/spd-fraktion-begruesst-gemeinsame-erklaerung-von-oberbuergermeister-und-personalrat\/","title":{"rendered":"SPD-Fraktion begr\u00fc\u00dft gemeinsame Erkl\u00e4rung von Oberb\u00fcrgermeister und Personalrat"},"content":{"rendered":"<div style=\"width: 87px\" class=\"wp-caption alignleft\"><a href=\"http:\/\/meier-gerdingh.de\/wp-spd-ob\/wp-content\/uploads\/euro.jpg\"><img decoding=\"async\" class=\"size-full\" src=\"http:\/\/meier-gerdingh.de\/wp-spd-ob\/wp-content\/uploads\/euro.jpg\" alt=\"Euro\" width=\"77\" height=\"77\" \/><\/a><p class=\"wp-caption-text\">Euro<\/p><\/div>\n<p>In einer ersten Bewertung begr\u00fc\u00dft die SPD-Ratsfraktion ausdr\u00fccklich die Bereitschaft des Personalrats, auch weiterhin konstruktiv am Sicherungskonzept f\u00fcr den Haushalt der Stadt mitzuarbeiten.<!--more--><\/p>\n<p>Die SPD-Fraktion habe, so der stellvertretende Vorsitzende Stefan Zimkeit, bereits bei der ersten Vorstellung der neuen Einsparvorschl\u00e4ge der Verwaltung deutlich gemacht, dass bei allen Ma\u00dfnahmen die Sozialvertr\u00e4glichkeit auch f\u00fcr Besch\u00e4ftigte zu beachten ist.<\/p>\n<p>Hier gilt nach wie vor, dass &#8211; solange Sozialdemokraten im Rat der Stadt Verantwortung tragen &#8211; betriebsbedingte K\u00fcndigungen ausgeschlossen sind.<\/p>\n<p>Da St\u00e4dte und Gemeinden trotz aller Sparanstrengungen abh\u00e4ngig von vor Ort nicht beeinflussbaren Entwicklungen sind, unterst\u00fctzt die SPD-Fraktion die Forderung des Personalrates nach einer Reform der Gemeindefinanzen.<\/p>\n<p>&#8222;Nach jahrelangem Aussitzen durch die CDU wird hier gehandelt&#8220;, stellt Stefan Zimkeit fest. Als Beleg hierf\u00fcr wertet der stellv. SPD-Fraktionsvorsitzende, dass auf Ebene des Bundes bereits eine Arbeitsgruppe zur Erarbeitung von konkreten Vorschl\u00e4gen eingesetzt worden und eine Neuordnung der Gemeindefinanzen f\u00fcr das kommende Jahr durch die Bundesregierung zugesagt ist.<\/p>\n<p>Auch zu den Punkten &#8222;Ausbildung und Qualifizierung&#8220; der Erkl\u00e4rung des Oberb\u00fcrgermeisters und des Personalrates sehen die Sozialdemokraten viele Gemeinsamkeiten. Denn: Bereits in den vergangenen Jahren war es der Stadt auch mit einem finanziellen Kraftakt gelungen, f\u00fcr alle fertigwerdenden Auszubildenden zumindest eine Perspektive zur befristeten Besch\u00e4ftigung zu er\u00f6ffnen. Diese Verantwortung der Stadt will die SPD-Fraktion auch in einer zuk\u00fcnftig st\u00e4rker auf den &#8222;Konzern Stadt&#8220; orientierten Betrachtung eingel\u00f6st sehen.<\/p>\n<p>In diesen Kontext ist auch die Fortbildung der st\u00e4dtischen Besch\u00e4ftigten einzuordnen, die auch nach Auffassung der SPD-Fraktion als wichtiges Instrument im Rahmen eines st\u00e4rker zu betonenden Personalmanagements weiter zu entwickeln ist.<\/p>\n<p>Ebenso wie der Personalrat erwartet auch die SPD-Fraktion eine detaillierte Beschreibung aller Einzelbestandteile der neuen Sparliste der Verwaltung.<\/p>\n<p>&#8222;Nicht allein f\u00fcr die Besch\u00e4ftigten, sondern insbesondere auch f\u00fcr B\u00fcrgerinnen und B\u00fcrger muss klar sein, welche Auswirkungen sich durch die Umsetzung einzelner Sparma\u00dfnahmen ergeben&#8220;, so Stefan Zimkeit. Auch deshalb wird die SPD-Fraktion bei dem bislang bekannten Entscheidungsfahrplan bleiben, der eine Beurteilung der gesamten Einsparliste zum Juni 2002 erm\u00f6glichen soll.<\/p>\n<p>&nbsp;<\/p>\n","protected":false},"excerpt":{"rendered":"<p>In einer ersten Bewertung begr\u00fc\u00dft die SPD-Ratsfraktion ausdr\u00fccklich die Bereitschaft des Personalrats, auch weiterhin konstruktiv am Sicherungskonzept f\u00fcr den Haushalt der Stadt mitzuarbeiten.<\/p>\n","protected":false},"author":1,"featured_media":0,"comment_status":"closed","ping_status":"closed","sticky":false,"template":"","format":"standard","meta":{"footnotes":""},"categories":[1],"tags":[],"quellen":[],"class_list":["post-21","post","type-post","status-publish","format-standard","hentry","category-allgemein"],"_links":{"self":[{"href":"https:\/\/meier-gerdingh.de\/wp-spd-ob\/wp-json\/wp\/v2\/posts\/21","targetHints":{"allow":["GET"]}}],"collection":[{"href":"https:\/\/meier-gerdingh.de\/wp-spd-ob\/wp-json\/wp\/v2\/posts"}],"about":[{"href":"https:\/\/meier-gerdingh.de\/wp-spd-ob\/wp-json\/wp\/v2\/types\/post"}],"author":[{"embeddable":true,"href":"https:\/\/meier-gerdingh.de\/wp-spd-ob\/wp-json\/wp\/v2\/users\/1"}],"replies":[{"embeddable":true,"href":"https:\/\/meier-gerdingh.de\/wp-spd-ob\/wp-json\/wp\/v2\/comments?post=21"}],"version-history":[{"count":0,"href":"https:\/\/meier-gerdingh.de\/wp-spd-ob\/wp-json\/wp\/v2\/posts\/21\/revisions"}],"wp:attachment":[{"href":"https:\/\/meier-gerdingh.de\/wp-spd-ob\/wp-json\/wp\/v2\/media?parent=21"}],"wp:term":[{"taxonomy":"category","embeddable":true,"href":"https:\/\/meier-gerdingh.de\/wp-spd-ob\/wp-json\/wp\/v2\/categories?post=21"},{"taxonomy":"post_tag","embeddable":true,"href":"https:\/\/meier-gerdingh.de\/wp-spd-ob\/wp-json\/wp\/v2\/tags?post=21"},{"taxonomy":"quellen","embeddable":true,"href":"https:\/\/meier-gerdingh.de\/wp-spd-ob\/wp-json\/wp\/v2\/quellen?post=21"}],"curies":[{"name":"wp","href":"https:\/\/api.w.org\/{rel}","templated":true}]}}