{"id":2100,"date":"2014-12-09T11:35:58","date_gmt":"2014-12-09T09:35:58","guid":{"rendered":"http:\/\/www.meier-gerdingh.de\/spd-oberhausen\/wp\/?p=2100"},"modified":"2015-03-11T18:12:27","modified_gmt":"2015-03-11T16:12:27","slug":"eine-millionen-euro-fuer-fluechtlinge","status":"publish","type":"post","link":"https:\/\/meier-gerdingh.de\/wp-spd-ob\/2014\/12\/09\/eine-millionen-euro-fuer-fluechtlinge\/","title":{"rendered":"Eine Millionen Euro f\u00fcr Fl\u00fcchtlinge"},"content":{"rendered":"<p>Oberhausen bekommt vom Land und vom Bund zus\u00e4tzlich eine Millionen Euro zur Unterbringung und Betreuung von Fl\u00fcchtlingen, dies teilen die SPD-Abgeordneten Wolfgang Gro\u00dfe Br\u00f6mer, Dirk V\u00f6pel und Stefan Zimkeit mit. &#8222;NRW l\u00e4sst die Kommunen mit den Fl\u00fcchtlingskosten nicht allein&#8220;, sagt Zimkeit. &#8222;Deswegen sorgen wir daf\u00fcr, dass die auf dem Bund-L\u00e4nder-Fl\u00fcchtlingsgipfel vereinbarten Finanzhilfen wirklich vor Ort ankommen. Au\u00dferdem stellt NRW zus\u00e4tzlich noch eigene Mittel den St\u00e4dten zur Verf\u00fcgung&#8220;, erl\u00e4utert der Landtagsabgeordnete. &#8222;Dazu geh\u00f6ren auch Mittel f\u00fcr zus\u00e4tzliche Pl\u00e4tze in den offenen Ganztagsschulen, weiteres Personal in den Kindertageseinrichtungen und einen H\u00e4rtefallfonds f\u00fcr alle Gesundheitskosten \u00fcber 50.000 Euro.&#8220;<!--more--><\/p>\n<p>Wolfgang Gro\u00dfe Br\u00f6mer weist darauf hin, dass NRW mit weiteren 37 Millionen Euro eine neue Erstaufnahmeeinrichtung, die Ausweitung der sozialen Betreuung und insbesondere zus\u00e4tzliche Lehrer an den Schulen finanziert. &#8222;Auch davon profitiert Oberhausen.&#8220; Ratsfraktionschef Gro\u00dfe Br\u00f6mer betont, wie wichtig die Willkommenskultur vor Ort ist. &#8222;Zu uns kommen viele Fl\u00fcchtlinge mit schrecklichen Erfahrungen und schweren Traumatisierungen.&#8220; Es sei gut zu sehen, mit wie viel Hilfsbereitschaft Fl\u00fcchtlingen in Oberhausen begegnet wird.<\/p>\n<p>&#8222;Bund und L\u00e4nder reagieren damit gemeinsam auf die steigende Zahl von fl\u00fcchtenden Menschen und werden damit ihrer Verantwortung gerecht&#8220;, sagt der Bundestagsabgeordnete Dirk V\u00f6pel. Er h\u00e4lt es f\u00fcr besonders wichtig, dass &#8222;das Geld da ankommt, wo auch die Fl\u00fcchtlinge sind.&#8220;<\/p>\n","protected":false},"excerpt":{"rendered":"<p>Oberhausen bekommt vom Land und vom Bund zus\u00e4tzlich eine Millionen Euro zur Unterbringung und Betreuung von Fl\u00fcchtlingen, dies teilen die SPD-Abgeordneten Wolfgang Gro\u00dfe Br\u00f6mer, Dirk V\u00f6pel und Stefan Zimkeit mit.&hellip; <\/p>\n","protected":false},"author":1,"featured_media":0,"comment_status":"closed","ping_status":"closed","sticky":false,"template":"","format":"standard","meta":{"footnotes":""},"categories":[61],"tags":[229,256,209,257,245],"quellen":[330,331,329],"class_list":["post-2100","post","type-post","status-publish","format-standard","hentry","category-integration","tag-bundesmittel","tag-finanzhilfe","tag-fluechtlinge","tag-fluechtlingskosten","tag-landesmittel","quellen-mdb-dirk-voepel","quellen-mdl-stefan-zimkeit","quellen-mdl-wolfgang-grosse-broemer"],"_links":{"self":[{"href":"https:\/\/meier-gerdingh.de\/wp-spd-ob\/wp-json\/wp\/v2\/posts\/2100","targetHints":{"allow":["GET"]}}],"collection":[{"href":"https:\/\/meier-gerdingh.de\/wp-spd-ob\/wp-json\/wp\/v2\/posts"}],"about":[{"href":"https:\/\/meier-gerdingh.de\/wp-spd-ob\/wp-json\/wp\/v2\/types\/post"}],"author":[{"embeddable":true,"href":"https:\/\/meier-gerdingh.de\/wp-spd-ob\/wp-json\/wp\/v2\/users\/1"}],"replies":[{"embeddable":true,"href":"https:\/\/meier-gerdingh.de\/wp-spd-ob\/wp-json\/wp\/v2\/comments?post=2100"}],"version-history":[{"count":0,"href":"https:\/\/meier-gerdingh.de\/wp-spd-ob\/wp-json\/wp\/v2\/posts\/2100\/revisions"}],"wp:attachment":[{"href":"https:\/\/meier-gerdingh.de\/wp-spd-ob\/wp-json\/wp\/v2\/media?parent=2100"}],"wp:term":[{"taxonomy":"category","embeddable":true,"href":"https:\/\/meier-gerdingh.de\/wp-spd-ob\/wp-json\/wp\/v2\/categories?post=2100"},{"taxonomy":"post_tag","embeddable":true,"href":"https:\/\/meier-gerdingh.de\/wp-spd-ob\/wp-json\/wp\/v2\/tags?post=2100"},{"taxonomy":"quellen","embeddable":true,"href":"https:\/\/meier-gerdingh.de\/wp-spd-ob\/wp-json\/wp\/v2\/quellen?post=2100"}],"curies":[{"name":"wp","href":"https:\/\/api.w.org\/{rel}","templated":true}]}}