{"id":211,"date":"2003-01-23T17:00:00","date_gmt":"2003-01-23T15:00:00","guid":{"rendered":"http:\/\/www.meier-gerdingh.de\/spd-oberhausen\/wp\/?p=211"},"modified":"2017-05-10T18:31:30","modified_gmt":"2017-05-10T16:31:30","slug":"groschek-beruft-schmidt-in-neue-steuerungsgruppe","status":"publish","type":"post","link":"https:\/\/meier-gerdingh.de\/wp-spd-ob\/2003\/01\/23\/groschek-beruft-schmidt-in-neue-steuerungsgruppe\/","title":{"rendered":"Groschek beruft Schmidt in neue Steuerungsgruppe"},"content":{"rendered":"<div style=\"width: 150px\" class=\"wp-caption alignleft\"><a href=\"http:\/\/meier-gerdingh.de\/wp-spd-ob\/wp-content\/uploads\/hartmut_schmidt.jpg\"><img decoding=\"async\" class=\"size-full\" src=\"http:\/\/meier-gerdingh.de\/wp-spd-ob\/wp-content\/uploads\/hartmut_schmidt.jpg\" alt=\"\" width=\"140\" height=\"192\" \/><\/a><p class=\"wp-caption-text\">Oberhausens SPD-Chef Hartmut Schmidt<\/p><\/div>\n<p>Einen Ruf aus D\u00fcsseldorf erhielt in dieser Woche Oberhausens SPD-Vorsitzender Hartmut Schmidt. Er soll in den kommenden zwei Jahren in NRW mit daf\u00fcr sorgen, dass die SPD bei den n\u00e4chsten Europa, Kommunal- und Landtagswahlen wieder ihre Spitzenposition erlangt. &#8222;In den n\u00e4chsten Monaten geht es innerhalb der SPD darum, die Grundsteine f\u00fcr erfolgreiche und schlagfertige Wahlk\u00e4mpfe zu legen&#8220;, so Generalsekret\u00e4r Michael Groschek.<!--more--><\/p>\n<p>Die Berufung des Oberhausener SPD-Vorsitzenden Schmidt h\u00e4lt Groschek f\u00fcr selbstverst\u00e4ndlich, wenn man die herausragenden Wahlergebnisse f\u00fcr die SPD in Oberhausen und das starke sowie geschlossene Auftreten der Genossinnen und Genossen vor Ort betrachtet.<\/p>\n<p>Auf seine neue Aufgabe im SPD-Landesverband freut sich Schmidt besonders. &#8222;Es ist eine Auszeichnung f\u00fcr die gesamte Oberhausener SPD&#8220;, so Hartmut Schmidt, &#8222;wird damit doch die gute und erfolgreiche Arbeit der SPD im Interesse der B\u00fcrgerinnen und B\u00fcrger gew\u00fcrdigt.&#8220; Schmidt sieht die Steuerungsgruppe der NRWSPD als &#8222;politischen Aufsichtsrat&#8220; f\u00fcr einen &#8222;lebensnahen&#8220; Wahlkampf, der sich ausschlie\u00dflich an den Notwendigkeiten, Anregungen und Erfordernissen des Landes NRW und seiner St\u00e4dte und Gemeinden orientieren muss.<\/p>\n<p>&#8222;Wesentliche Inhalte werden&#8220;, so Schmidt, &#8222;die dr\u00e4ngenden Antworten zu den Hauptthemen Arbeit, Bildung und soziale Sicherheit sein, da kann ich aus Oberhausener Sicht schon einiges mit einbringen&#8220;, gibt sich der 41j\u00e4hrige SPD-Chef gelassen zu seiner neuen Aufgabe.<\/p>\n<p>&#8222;Wir haben da viele Ideen und Konzepte f\u00fcr unser Zuhause in Oberhausen und in NRW. Wichtig ist, dass die B\u00fcrgerinnen und B\u00fcrger die SPD als ihre erste Adresse f\u00fcr die N\u00f6te und Sorgen verstehen und die L\u00f6sungskompetenz unangefochten bei der NRWSPD und Oberhausener SPD bleibt&#8220;, so der Oberhausener SPD-Chef.<\/p>\n","protected":false},"excerpt":{"rendered":"<p>Einen Ruf aus D\u00fcsseldorf erhielt in dieser Woche Oberhausens SPD-Vorsitzender Hartmut Schmidt. Er soll in den kommenden zwei Jahren in NRW mit daf\u00fcr sorgen, dass die SPD bei den n\u00e4chsten&hellip; <\/p>\n","protected":false},"author":1,"featured_media":0,"comment_status":"closed","ping_status":"closed","sticky":false,"template":"","format":"standard","meta":{"footnotes":""},"categories":[1],"tags":[],"quellen":[],"class_list":["post-211","post","type-post","status-publish","format-standard","hentry","category-allgemein"],"_links":{"self":[{"href":"https:\/\/meier-gerdingh.de\/wp-spd-ob\/wp-json\/wp\/v2\/posts\/211","targetHints":{"allow":["GET"]}}],"collection":[{"href":"https:\/\/meier-gerdingh.de\/wp-spd-ob\/wp-json\/wp\/v2\/posts"}],"about":[{"href":"https:\/\/meier-gerdingh.de\/wp-spd-ob\/wp-json\/wp\/v2\/types\/post"}],"author":[{"embeddable":true,"href":"https:\/\/meier-gerdingh.de\/wp-spd-ob\/wp-json\/wp\/v2\/users\/1"}],"replies":[{"embeddable":true,"href":"https:\/\/meier-gerdingh.de\/wp-spd-ob\/wp-json\/wp\/v2\/comments?post=211"}],"version-history":[{"count":0,"href":"https:\/\/meier-gerdingh.de\/wp-spd-ob\/wp-json\/wp\/v2\/posts\/211\/revisions"}],"wp:attachment":[{"href":"https:\/\/meier-gerdingh.de\/wp-spd-ob\/wp-json\/wp\/v2\/media?parent=211"}],"wp:term":[{"taxonomy":"category","embeddable":true,"href":"https:\/\/meier-gerdingh.de\/wp-spd-ob\/wp-json\/wp\/v2\/categories?post=211"},{"taxonomy":"post_tag","embeddable":true,"href":"https:\/\/meier-gerdingh.de\/wp-spd-ob\/wp-json\/wp\/v2\/tags?post=211"},{"taxonomy":"quellen","embeddable":true,"href":"https:\/\/meier-gerdingh.de\/wp-spd-ob\/wp-json\/wp\/v2\/quellen?post=211"}],"curies":[{"name":"wp","href":"https:\/\/api.w.org\/{rel}","templated":true}]}}