{"id":212,"date":"2003-01-22T17:00:00","date_gmt":"2003-01-22T15:00:00","guid":{"rendered":"http:\/\/www.meier-gerdingh.de\/spd-oberhausen\/wp\/?p=212"},"modified":"2017-05-10T18:31:48","modified_gmt":"2017-05-10T16:31:48","slug":"wolfgang-grosse-broemer-ist-neuer-stellvertretender-schulpolitischer-sprecher","status":"publish","type":"post","link":"https:\/\/meier-gerdingh.de\/wp-spd-ob\/2003\/01\/22\/wolfgang-grosse-broemer-ist-neuer-stellvertretender-schulpolitischer-sprecher\/","title":{"rendered":"Wolfgang Gro\u00dfe Br\u00f6mer ist neuer stellvertretender schulpolitischer Sprecher"},"content":{"rendered":"<div style=\"width: 150px\" class=\"wp-caption alignleft\"><a href=\"http:\/\/meier-gerdingh.de\/wp-spd-ob\/wp-content\/uploads\/grosse_broemer_rede.jpg\"><img decoding=\"async\" class=\"size-full\" src=\"http:\/\/meier-gerdingh.de\/wp-spd-ob\/wp-content\/uploads\/grosse_broemer_rede.jpg\" alt=\"Wolfgang Gro\u00dfe Br\u00f6mer, MdL - SPD-Fraktionsvorsitzender\" width=\"140\" height=\"186\" \/><\/a><p class=\"wp-caption-text\">Wolfgang Gro\u00dfe Br\u00f6mer, MdL &#8211; SPD-Fraktionsvorsitzender<\/p><\/div>\n<p>Der Oberhausener Landtagsabgeordnete und Chef der hiesigen SPD-Ratsfraktion Wolfgang Gro\u00dfe Br\u00f6mer ist neuer stellvertretender Leiter des AK Schule der SPD-Landtagsfraktion. Das wurde am Rande der heutigen Landtagssitzung bekannt.<!--more--><\/p>\n<p>Die Nachwahl des stellvertretenden schulpolitischen Sprechers war notwendig geworden, weil die bisherige Stellvertreterin Ute Sch\u00e4fer im November von Ministerpr\u00e4sident Peer Steinbr\u00fcck zur neuen NRW-Schulministerin ernannt worden ist.<\/p>\n<p>Wolfgang Gro\u00dfe Br\u00f6mer geh\u00f6rt dem Landtag seit knapp drei Jahren an und gilt als ausgewiesener Kenner der bildungspolitischen Materie.<\/p>\n","protected":false},"excerpt":{"rendered":"<p>Der Oberhausener Landtagsabgeordnete und Chef der hiesigen SPD-Ratsfraktion Wolfgang Gro\u00dfe Br\u00f6mer ist neuer stellvertretender Leiter des AK Schule der SPD-Landtagsfraktion. Das wurde am Rande der heutigen Landtagssitzung bekannt.<\/p>\n","protected":false},"author":1,"featured_media":0,"comment_status":"closed","ping_status":"closed","sticky":false,"template":"","format":"standard","meta":{"footnotes":""},"categories":[1],"tags":[],"quellen":[],"class_list":["post-212","post","type-post","status-publish","format-standard","hentry","category-allgemein"],"_links":{"self":[{"href":"https:\/\/meier-gerdingh.de\/wp-spd-ob\/wp-json\/wp\/v2\/posts\/212","targetHints":{"allow":["GET"]}}],"collection":[{"href":"https:\/\/meier-gerdingh.de\/wp-spd-ob\/wp-json\/wp\/v2\/posts"}],"about":[{"href":"https:\/\/meier-gerdingh.de\/wp-spd-ob\/wp-json\/wp\/v2\/types\/post"}],"author":[{"embeddable":true,"href":"https:\/\/meier-gerdingh.de\/wp-spd-ob\/wp-json\/wp\/v2\/users\/1"}],"replies":[{"embeddable":true,"href":"https:\/\/meier-gerdingh.de\/wp-spd-ob\/wp-json\/wp\/v2\/comments?post=212"}],"version-history":[{"count":0,"href":"https:\/\/meier-gerdingh.de\/wp-spd-ob\/wp-json\/wp\/v2\/posts\/212\/revisions"}],"wp:attachment":[{"href":"https:\/\/meier-gerdingh.de\/wp-spd-ob\/wp-json\/wp\/v2\/media?parent=212"}],"wp:term":[{"taxonomy":"category","embeddable":true,"href":"https:\/\/meier-gerdingh.de\/wp-spd-ob\/wp-json\/wp\/v2\/categories?post=212"},{"taxonomy":"post_tag","embeddable":true,"href":"https:\/\/meier-gerdingh.de\/wp-spd-ob\/wp-json\/wp\/v2\/tags?post=212"},{"taxonomy":"quellen","embeddable":true,"href":"https:\/\/meier-gerdingh.de\/wp-spd-ob\/wp-json\/wp\/v2\/quellen?post=212"}],"curies":[{"name":"wp","href":"https:\/\/api.w.org\/{rel}","templated":true}]}}