{"id":213,"date":"2003-01-31T17:00:00","date_gmt":"2003-01-31T15:00:00","guid":{"rendered":"http:\/\/www.meier-gerdingh.de\/spd-oberhausen\/wp\/?p=213"},"modified":"2017-05-10T18:31:02","modified_gmt":"2017-05-10T16:31:02","slug":"nein-zum-irak-krieg","status":"publish","type":"post","link":"https:\/\/meier-gerdingh.de\/wp-spd-ob\/2003\/01\/31\/nein-zum-irak-krieg\/","title":{"rendered":"Nein zum Irak-Krieg!"},"content":{"rendered":"<div style=\"width: 150px\" class=\"wp-caption alignleft\"><a href=\"http:\/\/meier-gerdingh.de\/wp-spd-ob\/wp-content\/uploads\/logo_kampagne.gif\"><img decoding=\"async\" class=\"size-full\" src=\"http:\/\/meier-gerdingh.de\/wp-spd-ob\/wp-content\/uploads\/logo_kampagne.gif\" alt=\"Nein zum Irak-Krieg!\" width=\"140\" height=\"93\" \/><\/a><p class=\"wp-caption-text\">Nein zum Irak-Krieg!<\/p><\/div>\n<p>Eine Unterschriftenaktion &#8222;Nein zum Irak-Krieg&#8220; ist bei der SPD in Oberhausen angelaufen. Ab sofort k\u00f6nnen die Oberhausenerinnen und Oberhausener auf in der SPD-Gesch\u00e4ftsstelle ausliegender Unterschriftenliste ihr &#8222;Nein&#8220; zum Irak-Krieg erkl\u00e4ren. &#8222;Wir wollen mit dieser Aktion deutlich machen, dass die Menschen in unserem Land alles tun wollen, um einen Krieg zu verhindern&#8220;, so der SPD-Vorsitzende Hartmut Schmidt.<!--more--><\/p>\n<p>Ein Krieg, der, sollte er ausbrechen, f\u00fcr die Menschen in der Region des Nahen und Mittleren Osten und die Weltgemeinschaft ungeahnte Folgen haben k\u00f6nnte. Darum, so Schmidt weiter, setzt sich die SPD auch als Partei des Friedens vor Ort engagiert mit all ihren Kr\u00e4ften f\u00fcr eine friedliche L\u00f6sung des Irak-Konfliktes ein. Bundeskanzler Gerhard Schr\u00f6der geht einen solchen Weg der friedlichen L\u00f6sung. Alle Oberhausenerinnen und Oberhausener, die sich an der Unterschriftenaktion beteiligen m\u00f6chten, k\u00f6nnen dies in der Zeit von Montag &#8211; Donnerstag von 8.00 &#8211; 16.00 Uhr sowie am Freitag von 8.00 &#8211; 13.00 Uhr auf der Unterschriftenliste, die in der Gesch\u00e4ftsstelle auf der Schwartzstra\u00dfe 52 ausliegt, tun.<\/p>\n<p>Alle B\u00fcrgerinnen und B\u00fcrger, die bereit &#8222;Online&#8220; sind, k\u00f6nnen ihre Unterst\u00fctzung per E-Mail unter www.spd-oberhausen.de absetzen. F\u00fcr alle weiteren Interessierten steht die Unterschriftenliste auch zum downloaden auf der Homepage bereit.<\/p>\n<p>&#8222;Wir fordern die Regierung der USA auf, die Chance zu nutzen, den Irak-Konflikt ohne Krieg gemeinsam mit der internationalen Gemeinschaft zu l\u00f6sen&#8220;, so Schmidt weiter. &#8222;Au\u00dferdem rufen wir dazu auf, alles menschenm\u00f6gliche zu unternehmen, die Abr\u00fcstung des Iraks entsprechend der Resolution des Sicherheitsrates der Vereinten Nationen mit friedlichen Mitteln zu erreichen&#8220;.<\/p>\n","protected":false},"excerpt":{"rendered":"<p>Eine Unterschriftenaktion &#8222;Nein zum Irak-Krieg&#8220; ist bei der SPD in Oberhausen angelaufen. Ab sofort k\u00f6nnen die Oberhausenerinnen und Oberhausener auf in der SPD-Gesch\u00e4ftsstelle ausliegender Unterschriftenliste ihr &#8222;Nein&#8220; zum Irak-Krieg erkl\u00e4ren.&hellip; <\/p>\n","protected":false},"author":1,"featured_media":0,"comment_status":"closed","ping_status":"closed","sticky":false,"template":"","format":"standard","meta":{"footnotes":""},"categories":[1],"tags":[],"quellen":[],"class_list":["post-213","post","type-post","status-publish","format-standard","hentry","category-allgemein"],"_links":{"self":[{"href":"https:\/\/meier-gerdingh.de\/wp-spd-ob\/wp-json\/wp\/v2\/posts\/213","targetHints":{"allow":["GET"]}}],"collection":[{"href":"https:\/\/meier-gerdingh.de\/wp-spd-ob\/wp-json\/wp\/v2\/posts"}],"about":[{"href":"https:\/\/meier-gerdingh.de\/wp-spd-ob\/wp-json\/wp\/v2\/types\/post"}],"author":[{"embeddable":true,"href":"https:\/\/meier-gerdingh.de\/wp-spd-ob\/wp-json\/wp\/v2\/users\/1"}],"replies":[{"embeddable":true,"href":"https:\/\/meier-gerdingh.de\/wp-spd-ob\/wp-json\/wp\/v2\/comments?post=213"}],"version-history":[{"count":0,"href":"https:\/\/meier-gerdingh.de\/wp-spd-ob\/wp-json\/wp\/v2\/posts\/213\/revisions"}],"wp:attachment":[{"href":"https:\/\/meier-gerdingh.de\/wp-spd-ob\/wp-json\/wp\/v2\/media?parent=213"}],"wp:term":[{"taxonomy":"category","embeddable":true,"href":"https:\/\/meier-gerdingh.de\/wp-spd-ob\/wp-json\/wp\/v2\/categories?post=213"},{"taxonomy":"post_tag","embeddable":true,"href":"https:\/\/meier-gerdingh.de\/wp-spd-ob\/wp-json\/wp\/v2\/tags?post=213"},{"taxonomy":"quellen","embeddable":true,"href":"https:\/\/meier-gerdingh.de\/wp-spd-ob\/wp-json\/wp\/v2\/quellen?post=213"}],"curies":[{"name":"wp","href":"https:\/\/api.w.org\/{rel}","templated":true}]}}