{"id":218,"date":"2003-03-06T17:00:00","date_gmt":"2003-03-06T15:00:00","guid":{"rendered":"http:\/\/www.meier-gerdingh.de\/spd-oberhausen\/wp\/?p=218"},"modified":"2017-05-10T18:28:30","modified_gmt":"2017-05-10T16:28:30","slug":"nrw-bildungsministerin-ute-schaefer-ist-hauptrednerin","status":"publish","type":"post","link":"https:\/\/meier-gerdingh.de\/wp-spd-ob\/2003\/03\/06\/nrw-bildungsministerin-ute-schaefer-ist-hauptrednerin\/","title":{"rendered":"NRW-Bildungsministerin Ute Sch\u00e4fer ist Hauptrednerin"},"content":{"rendered":"<div style=\"width: 150px\" class=\"wp-caption alignleft\"><a href=\"http:\/\/meier-gerdingh.de\/wp-spd-ob\/wp-content\/uploads\/ute_schaefer.jpg\"><img decoding=\"async\" class=\"size-full\" src=\"http:\/\/meier-gerdingh.de\/wp-spd-ob\/wp-content\/uploads\/ute_schaefer.jpg\" alt=\"\" width=\"140\" height=\"193\" \/><\/a><p class=\"wp-caption-text\">Ute Sch\u00e4fer<\/p><\/div>\n<p>Der n\u00e4chste Parteitag der Oberhausener SPD findet am Montag, 10.\u00a0M\u00e4rz, ab 17.00\u00a0Uhr in der Luise-Albertz-Halle statt. Im Mittelpunkt der Beratungen wird die zuk\u00fcnftige Bildungspolitik in Nordrhein-Westfalen stehen. Als Referentin haben die Oberhausener Sozialdemokraten die neue NRW-Schulministerin Ute Sch\u00e4fer<br \/>\ngewinnen k\u00f6nnen.<!--more--><\/p>\n<p>Neben den Jahresberichten des Unterbezirksvorsitzenden Hartmut Schmidt und des Fraktionsvorsitzenden Wolfgang Gro\u00dfe Br\u00f6mer wird die Schulministerin des Landes<\/p>\n<p>Nordrhein-Westfalen Ute Sch\u00e4fer auf dem SPD-Parteitag zu den 175 Delegierten der \u00f6rtlichen SPD sprechen und sich anschlie\u00dfend der Diskussion stellen. Das Thema<\/p>\n<p>des Referates von Frau Ministerin Sch\u00e4fer lautet: &#8222;Bildungspolitik in NRW &#8211; Aufgaben und Erwartungen in der bildungspolitischen Diskussion&#8220;.<\/p>\n<p>Au\u00dferdem werden auf dem Unterbezirksparteitag die Delegierten zu den \u00fcber\u00f6rtlichen Gremien der SPD im Land und Bund gew\u00e4hlt.<\/p>\n","protected":false},"excerpt":{"rendered":"<p>Der n\u00e4chste Parteitag der Oberhausener SPD findet am Montag, 10.\u00a0M\u00e4rz, ab 17.00\u00a0Uhr in der Luise-Albertz-Halle statt. Im Mittelpunkt der Beratungen wird die zuk\u00fcnftige Bildungspolitik in Nordrhein-Westfalen stehen. Als Referentin haben&hellip; <\/p>\n","protected":false},"author":1,"featured_media":0,"comment_status":"closed","ping_status":"closed","sticky":false,"template":"","format":"standard","meta":{"footnotes":""},"categories":[1],"tags":[],"quellen":[],"class_list":["post-218","post","type-post","status-publish","format-standard","hentry","category-allgemein"],"_links":{"self":[{"href":"https:\/\/meier-gerdingh.de\/wp-spd-ob\/wp-json\/wp\/v2\/posts\/218","targetHints":{"allow":["GET"]}}],"collection":[{"href":"https:\/\/meier-gerdingh.de\/wp-spd-ob\/wp-json\/wp\/v2\/posts"}],"about":[{"href":"https:\/\/meier-gerdingh.de\/wp-spd-ob\/wp-json\/wp\/v2\/types\/post"}],"author":[{"embeddable":true,"href":"https:\/\/meier-gerdingh.de\/wp-spd-ob\/wp-json\/wp\/v2\/users\/1"}],"replies":[{"embeddable":true,"href":"https:\/\/meier-gerdingh.de\/wp-spd-ob\/wp-json\/wp\/v2\/comments?post=218"}],"version-history":[{"count":0,"href":"https:\/\/meier-gerdingh.de\/wp-spd-ob\/wp-json\/wp\/v2\/posts\/218\/revisions"}],"wp:attachment":[{"href":"https:\/\/meier-gerdingh.de\/wp-spd-ob\/wp-json\/wp\/v2\/media?parent=218"}],"wp:term":[{"taxonomy":"category","embeddable":true,"href":"https:\/\/meier-gerdingh.de\/wp-spd-ob\/wp-json\/wp\/v2\/categories?post=218"},{"taxonomy":"post_tag","embeddable":true,"href":"https:\/\/meier-gerdingh.de\/wp-spd-ob\/wp-json\/wp\/v2\/tags?post=218"},{"taxonomy":"quellen","embeddable":true,"href":"https:\/\/meier-gerdingh.de\/wp-spd-ob\/wp-json\/wp\/v2\/quellen?post=218"}],"curies":[{"name":"wp","href":"https:\/\/api.w.org\/{rel}","templated":true}]}}