{"id":219,"date":"2003-02-26T17:00:00","date_gmt":"2003-02-26T15:00:00","guid":{"rendered":"http:\/\/www.meier-gerdingh.de\/spd-oberhausen\/wp\/?p=219"},"modified":"2017-05-10T18:29:00","modified_gmt":"2017-05-10T16:29:00","slug":"union-gefaehrdet-investitionen-in-ganztagsschule","status":"publish","type":"post","link":"https:\/\/meier-gerdingh.de\/wp-spd-ob\/2003\/02\/26\/union-gefaehrdet-investitionen-in-ganztagsschule\/","title":{"rendered":"Union gef\u00e4hrdet Investitionen in Ganztagsschule"},"content":{"rendered":"<div style=\"width: 150px\" class=\"wp-caption alignleft\"><a href=\"http:\/\/meier-gerdingh.de\/wp-spd-ob\/wp-content\/uploads\/landtagganz1.jpg\"><img decoding=\"async\" class=\"size-full\" src=\"http:\/\/meier-gerdingh.de\/wp-spd-ob\/wp-content\/uploads\/landtagganz1.jpg\" alt=\"Der Landtag von Nordrhein-Westfalen\" width=\"140\" height=\"187\" \/><\/a><p class=\"wp-caption-text\">Der Landtag von Nordrhein-Westfalen<\/p><\/div>\n<p>Die F\u00f6rderung der offenen Ganztagsschule durch die Bundesregierung sehen die Oberhausener Landtagsabgeordneten Michael Groschek und Wolfgang Gro\u00dfe Br\u00f6mer durch die CDU\/CSU gef\u00e4hrdet. Vier Milliarden Euro will die Bundesregierung in den n\u00e4chsten Jahren in den Ausbau von Ganztagsbetreuung investieren. Dies, so die SPD-Landtagabgeordneten weiter, werde nun durch die Ablehnung der CDU\/CSU-gef\u00fchrten L\u00e4nder in Frage gestellt.<!--more--><\/p>\n<p>Die Union pocht hier auf formale Zust\u00e4ndigkeiten der L\u00e4nder f\u00fcr Bildung, statt sich an den Interessen von Kindern und Eltern zu orientieren, erkl\u00e4rte Michael Groschek weiter.<\/p>\n<p>Der Vorsitzende der SPD Ratsfraktion Wolfgang Gro\u00dfe Br\u00f6mer bef\u00fcrchtet Nachteile auch f\u00fcr Oberhausen. Der Rat der Stadt hatte beschlossen, auch in Oberhausen die Errichtung offener Ganztagsschulen zu erm\u00f6glichen. Gerade Oberhausen ben\u00f6tigt die in Aussicht gestellten Bundesmittel dringend, um die notwendigen Investitionen f\u00fcr ein fl\u00e4chendeckendes Angebot t\u00e4tigen zu k\u00f6nnen. Mit den Bundesmitteln k\u00f6nnten notwendige Umbauten finanziert und Anschaffungen f\u00fcr Betrieb der offenen Ganztagsschule unterst\u00fctzt werden. Schulen, die sich beteiligen, k\u00f6nnten mit bis zu 300.000\u00a0Euro f\u00fcr Investitionen rechnen.<\/p>\n<p>Gro\u00dfe Br\u00f6mer \u00e4u\u00dferte die Hoffnung, dass die unionsregierten L\u00e4nder ihren Widerstand noch aufgeben. Wenn sie die Unterst\u00fctzung des Bundes als Einmischung in ihre Zust\u00e4ndigkeiten empfinden, k\u00f6nnten sie ja auf die Bundesmittel verzichten.<\/p>\n<p>&#8222;Nordrhein Westfalen begr\u00fc\u00dft ausdr\u00fccklich das Engagement der Bundes f\u00fcr Ganztagsschulen und fordert die Bundesregierung auf, am Investitionsprogramm festzuhalten. NRW ist gerne bereit die Mittel, die andere L\u00e4nder nicht verwenden wollen, zus\u00e4tzlich in den Ganztagsbereich zu investieren&#8220;, unterstrich SPD-Landesgeneralsekret\u00e4r Groschek. Davon k\u00f6nnte auch Oberhausen zus\u00e4tzlich profitieren.<\/p>\n","protected":false},"excerpt":{"rendered":"<p>Die F\u00f6rderung der offenen Ganztagsschule durch die Bundesregierung sehen die Oberhausener Landtagsabgeordneten Michael Groschek und Wolfgang Gro\u00dfe Br\u00f6mer durch die CDU\/CSU gef\u00e4hrdet. Vier Milliarden Euro will die Bundesregierung in den&hellip; <\/p>\n","protected":false},"author":1,"featured_media":0,"comment_status":"closed","ping_status":"closed","sticky":false,"template":"","format":"standard","meta":{"footnotes":""},"categories":[1],"tags":[],"quellen":[],"class_list":["post-219","post","type-post","status-publish","format-standard","hentry","category-allgemein"],"_links":{"self":[{"href":"https:\/\/meier-gerdingh.de\/wp-spd-ob\/wp-json\/wp\/v2\/posts\/219","targetHints":{"allow":["GET"]}}],"collection":[{"href":"https:\/\/meier-gerdingh.de\/wp-spd-ob\/wp-json\/wp\/v2\/posts"}],"about":[{"href":"https:\/\/meier-gerdingh.de\/wp-spd-ob\/wp-json\/wp\/v2\/types\/post"}],"author":[{"embeddable":true,"href":"https:\/\/meier-gerdingh.de\/wp-spd-ob\/wp-json\/wp\/v2\/users\/1"}],"replies":[{"embeddable":true,"href":"https:\/\/meier-gerdingh.de\/wp-spd-ob\/wp-json\/wp\/v2\/comments?post=219"}],"version-history":[{"count":0,"href":"https:\/\/meier-gerdingh.de\/wp-spd-ob\/wp-json\/wp\/v2\/posts\/219\/revisions"}],"wp:attachment":[{"href":"https:\/\/meier-gerdingh.de\/wp-spd-ob\/wp-json\/wp\/v2\/media?parent=219"}],"wp:term":[{"taxonomy":"category","embeddable":true,"href":"https:\/\/meier-gerdingh.de\/wp-spd-ob\/wp-json\/wp\/v2\/categories?post=219"},{"taxonomy":"post_tag","embeddable":true,"href":"https:\/\/meier-gerdingh.de\/wp-spd-ob\/wp-json\/wp\/v2\/tags?post=219"},{"taxonomy":"quellen","embeddable":true,"href":"https:\/\/meier-gerdingh.de\/wp-spd-ob\/wp-json\/wp\/v2\/quellen?post=219"}],"curies":[{"name":"wp","href":"https:\/\/api.w.org\/{rel}","templated":true}]}}