{"id":220,"date":"2003-03-13T17:00:00","date_gmt":"2003-03-13T15:00:00","guid":{"rendered":"http:\/\/www.meier-gerdingh.de\/spd-oberhausen\/wp\/?p=220"},"modified":"2017-05-10T18:03:29","modified_gmt":"2017-05-10T16:03:29","slug":"anspruch-auf-freien-samstag-fuer-beschaeftigte-beschlossen","status":"publish","type":"post","link":"https:\/\/meier-gerdingh.de\/wp-spd-ob\/2003\/03\/13\/anspruch-auf-freien-samstag-fuer-beschaeftigte-beschlossen\/","title":{"rendered":"Anspruch auf freien Samstag f\u00fcr Besch\u00e4ftigte beschlossen"},"content":{"rendered":"<p><a href=\"http:\/\/meier-gerdingh.de\/wp-spd-ob\/wp-content\/uploads\/grotthaus_rede.jpg\"><img decoding=\"async\" class=\"size-full alignleft\" src=\"http:\/\/meier-gerdingh.de\/wp-spd-ob\/wp-content\/uploads\/grotthaus_rede.jpg\" alt=\"\" width=\"140\" height=\"194\" \/><\/a>Zum Beschluss des Ausschusses f\u00fcr Wirtschaft und Arbeit und zur abschlie\u00dfenden Lesung im Parlament zur Verl\u00e4ngerung der Laden\u00f6ffnung an Samstagen erkl\u00e4rt der in der AG Wirtschaft und Arbeit zust\u00e4ndige Berichterstatter Wolfgang Grotthaus:<br \/>\nDer Ausschuss f\u00fcr Wirtschaft und Arbeit hat in seiner gestrigen Sitzung die Novelle der Bundesregierung zur Laden\u00f6ffnung beschlossen. Ebenfalls verabschiedet wurde der von der Koalition vorgelegte Antrag, wonach allen Einzelhandelsbesch\u00e4ftigten ein individueller Anspruch auf einen freien Samstag im Monat zusteht. Damit ber\u00fccksichtigt der Gesetzgeber die Bedeutung des Samstags f\u00fcr die Freizeitgestaltung in Familie und Freundeskreis.<!--more--><\/p>\n<p>Diesem Antrag kommt eine besondere Pikanterie zu CDU\/CSU haben zwar den Gesetzentwurf abgelehnt, stimmten jedoch unserem Erg\u00e4nzungsantrag zu. Sie haben sich offensichtlich von den Argumenten der Koalition \u00fcberzeugen lassen.<\/p>\n<p>Mit dem \u00c4nderungsantrag ist der Gesetzentwurf ein gelungener Kompromiss zwischen den Interessen von Besch\u00e4ftigten, Konsumenten und des Einzelhandels.<\/p>\n<p>Die Oppositionsparteien sind jetzt im Bundesrat aufgefordert, konstruktiv und z\u00fcgig an der Verabschiedung mitzuwirken. Erst dann tritt die M\u00f6glichkeit zur Laden\u00f6ffnung an Samstagen bis 20 Uhr in Kraft, wie es dem Bed\u00fcrfnis der Konsumenten entspricht.<\/p>\n<p>Die erweiterte \u00d6ffnung an Samstagen und &#8211; nicht zu vergessen &#8211; die Entr\u00fcmpelung des Ladenschlussgesetzes wird einen positiven Impuls f\u00fcr unsere wirtschaftliche Entwicklung geben.<\/p>\n<p>Mit der heutigen zweiten und dritten Lesung im Deutschen Bundestag passierte die Regelung das Parlament in dieser Ausschussfassung. Am Ende wurde es noch einmal richtig spannend: Beim Hammelsprung wurde das Ergebnis 279\u00a0Ja und 224\u00a0Nein festgestellt. Der Vorschlag des Bundesrates, die Regelung der \u00d6ffnungszeiten v\u00f6llig in die Kompetenz der L\u00e4nder zu geben, wurde zur\u00fcckgewiesen.<\/p>\n","protected":false},"excerpt":{"rendered":"<p>Zum Beschluss des Ausschusses f\u00fcr Wirtschaft und Arbeit und zur abschlie\u00dfenden Lesung im Parlament zur Verl\u00e4ngerung der Laden\u00f6ffnung an Samstagen erkl\u00e4rt der in der AG Wirtschaft und Arbeit zust\u00e4ndige Berichterstatter&hellip; <\/p>\n","protected":false},"author":1,"featured_media":0,"comment_status":"closed","ping_status":"closed","sticky":false,"template":"","format":"standard","meta":{"footnotes":""},"categories":[1],"tags":[],"quellen":[],"class_list":["post-220","post","type-post","status-publish","format-standard","hentry","category-allgemein"],"_links":{"self":[{"href":"https:\/\/meier-gerdingh.de\/wp-spd-ob\/wp-json\/wp\/v2\/posts\/220","targetHints":{"allow":["GET"]}}],"collection":[{"href":"https:\/\/meier-gerdingh.de\/wp-spd-ob\/wp-json\/wp\/v2\/posts"}],"about":[{"href":"https:\/\/meier-gerdingh.de\/wp-spd-ob\/wp-json\/wp\/v2\/types\/post"}],"author":[{"embeddable":true,"href":"https:\/\/meier-gerdingh.de\/wp-spd-ob\/wp-json\/wp\/v2\/users\/1"}],"replies":[{"embeddable":true,"href":"https:\/\/meier-gerdingh.de\/wp-spd-ob\/wp-json\/wp\/v2\/comments?post=220"}],"version-history":[{"count":0,"href":"https:\/\/meier-gerdingh.de\/wp-spd-ob\/wp-json\/wp\/v2\/posts\/220\/revisions"}],"wp:attachment":[{"href":"https:\/\/meier-gerdingh.de\/wp-spd-ob\/wp-json\/wp\/v2\/media?parent=220"}],"wp:term":[{"taxonomy":"category","embeddable":true,"href":"https:\/\/meier-gerdingh.de\/wp-spd-ob\/wp-json\/wp\/v2\/categories?post=220"},{"taxonomy":"post_tag","embeddable":true,"href":"https:\/\/meier-gerdingh.de\/wp-spd-ob\/wp-json\/wp\/v2\/tags?post=220"},{"taxonomy":"quellen","embeddable":true,"href":"https:\/\/meier-gerdingh.de\/wp-spd-ob\/wp-json\/wp\/v2\/quellen?post=220"}],"curies":[{"name":"wp","href":"https:\/\/api.w.org\/{rel}","templated":true}]}}