{"id":221,"date":"2003-03-13T17:00:00","date_gmt":"2003-03-13T15:00:00","guid":{"rendered":"http:\/\/www.meier-gerdingh.de\/spd-oberhausen\/wp\/?p=221"},"modified":"2017-05-10T18:03:54","modified_gmt":"2017-05-10T16:03:54","slug":"grotthaus-vorstoss-in-berlin-und-nuernberg","status":"publish","type":"post","link":"https:\/\/meier-gerdingh.de\/wp-spd-ob\/2003\/03\/13\/grotthaus-vorstoss-in-berlin-und-nuernberg\/","title":{"rendered":"Grotthaus-Vorsto\u00df in Berlin und N\u00fcrnberg"},"content":{"rendered":"<p><a href=\"http:\/\/meier-gerdingh.de\/wp-spd-ob\/wp-content\/uploads\/grotthaus_rede.jpg\"><img decoding=\"async\" class=\"size-full alignleft\" src=\"http:\/\/meier-gerdingh.de\/wp-spd-ob\/wp-content\/uploads\/grotthaus_rede.jpg\" alt=\"\" width=\"140\" height=\"194\" \/><\/a>Die Betroffenheit und Emp\u00f6rung \u00fcber den &#8222;Gerster-Erlass&#8220; zur Zukunft der vom Arbeitsamt finanzierten beruflichen Qualifizierungsma\u00dfnahmen f\u00fcr Arbeitslose schl\u00e4gt Wellen bis nach Berlin und N\u00fcrnberg. Der Oberhausener SPD-Bundestagsabgeordnete Wolfgang Grotthaus hat die auf dem j\u00fcngsten Unterbezirksparteitag der Oberhausener SPD vom ZAQ-Gesch\u00e4ftsf\u00fchrer Jochen Kamps in eindringlicher Weise geschilderten Gefahren f\u00fcr den Fortbestand des bew\u00e4hrten Oberhausener Verbundsystems, wie sie mit der Umsetzung der Hartz-Vorschl\u00e4ge auf die beruflichen Weiterbildungsma\u00dfnahmen insbesondere f\u00fcr benachteiligte Arbeitslose zukommen, zum Anlass genommen, unverz\u00fcglich in Berlin und N\u00fcrnberg vorstellig zu werden.<!--more--><\/p>\n<p>Nach seiner Auffassung benachteiligt der &#8222;Gerster-Erlass&#8220; insbesondere junge Menschen, denen die Aussicht auf eine berufliche Zukunft genommen wird, wenn zu erwartende 50 % der bew\u00e4hrten Weiterbildungsangebote wegfallen sollten.<br \/>\nGrotthaus hat nicht nur die SPD-Bundestagsfraktion \u00fcber die Folgen der angesprochenen Neuregelung, die an den fragw\u00fcrdigen Kriterien &#8222;Arbeitsmarkttauglichkeit&#8220; und Arbeitsmarktn\u00e4he&#8220; solcher Weiterbildungsma\u00dfnahmen festgemacht wird, informiert.<\/p>\n<p>Dar\u00fcber hinaus hat er auch den Berliner Wirtschafts- und Arbeitsminister Wolfgang Clement angeschrieben und gefragt, ob es wirklich politisch gewollt sei, was augenblicklich per Anweisung aus N\u00fcrnberg auf dem Weiterbildungssektor nicht nur in Oberhausen, sondern bundesweit passiert.<\/p>\n<p>Ein weiterer Brandbrief des Oberhausener SPD-Politikers ging direkt an Florian Gerster, den Chef der Bundesanstalt f\u00fcr Arbeit, der f\u00fcr die Beschr\u00e4nkung der Weiterbildungsma\u00dfnahmen unmittelbar verantwortlich ist. Grotthaus hat ihn ausdr\u00fccklich eingeladen, zu einer Informationsveranstaltung nach Oberhausen zu kommen, um hier in einem offenen Gespr\u00e4ch mit den betroffenen arbeitslosen Jugendlichen und den Weiterbildungstr\u00e4gern Rede und Antwort zu stehen.<\/p>\n","protected":false},"excerpt":{"rendered":"<p>Die Betroffenheit und Emp\u00f6rung \u00fcber den &#8222;Gerster-Erlass&#8220; zur Zukunft der vom Arbeitsamt finanzierten beruflichen Qualifizierungsma\u00dfnahmen f\u00fcr Arbeitslose schl\u00e4gt Wellen bis nach Berlin und N\u00fcrnberg. Der Oberhausener SPD-Bundestagsabgeordnete Wolfgang Grotthaus hat&hellip; <\/p>\n","protected":false},"author":1,"featured_media":0,"comment_status":"closed","ping_status":"closed","sticky":false,"template":"","format":"standard","meta":{"footnotes":""},"categories":[1],"tags":[],"quellen":[],"class_list":["post-221","post","type-post","status-publish","format-standard","hentry","category-allgemein"],"_links":{"self":[{"href":"https:\/\/meier-gerdingh.de\/wp-spd-ob\/wp-json\/wp\/v2\/posts\/221","targetHints":{"allow":["GET"]}}],"collection":[{"href":"https:\/\/meier-gerdingh.de\/wp-spd-ob\/wp-json\/wp\/v2\/posts"}],"about":[{"href":"https:\/\/meier-gerdingh.de\/wp-spd-ob\/wp-json\/wp\/v2\/types\/post"}],"author":[{"embeddable":true,"href":"https:\/\/meier-gerdingh.de\/wp-spd-ob\/wp-json\/wp\/v2\/users\/1"}],"replies":[{"embeddable":true,"href":"https:\/\/meier-gerdingh.de\/wp-spd-ob\/wp-json\/wp\/v2\/comments?post=221"}],"version-history":[{"count":0,"href":"https:\/\/meier-gerdingh.de\/wp-spd-ob\/wp-json\/wp\/v2\/posts\/221\/revisions"}],"wp:attachment":[{"href":"https:\/\/meier-gerdingh.de\/wp-spd-ob\/wp-json\/wp\/v2\/media?parent=221"}],"wp:term":[{"taxonomy":"category","embeddable":true,"href":"https:\/\/meier-gerdingh.de\/wp-spd-ob\/wp-json\/wp\/v2\/categories?post=221"},{"taxonomy":"post_tag","embeddable":true,"href":"https:\/\/meier-gerdingh.de\/wp-spd-ob\/wp-json\/wp\/v2\/tags?post=221"},{"taxonomy":"quellen","embeddable":true,"href":"https:\/\/meier-gerdingh.de\/wp-spd-ob\/wp-json\/wp\/v2\/quellen?post=221"}],"curies":[{"name":"wp","href":"https:\/\/api.w.org\/{rel}","templated":true}]}}