{"id":222,"date":"2003-03-14T17:00:00","date_gmt":"2003-03-14T15:00:00","guid":{"rendered":"http:\/\/www.meier-gerdingh.de\/spd-oberhausen\/wp\/?p=222"},"modified":"2017-05-10T17:58:15","modified_gmt":"2017-05-10T15:58:15","slug":"mut-zum-frieden-mut-zur-veraenderung","status":"publish","type":"post","link":"https:\/\/meier-gerdingh.de\/wp-spd-ob\/2003\/03\/14\/mut-zum-frieden-mut-zur-veraenderung\/","title":{"rendered":"Mut zum Frieden &#8211; Mut zur Ver\u00e4nderung"},"content":{"rendered":"<p><a href=\"http:\/\/meier-gerdingh.de\/wp-spd-ob\/wp-content\/uploads\/schroeder.jpg\"><img decoding=\"async\" class=\"size-full alignleft\" src=\"http:\/\/meier-gerdingh.de\/wp-spd-ob\/wp-content\/uploads\/schroeder.jpg\" alt=\"\" width=\"116\" height=\"116\" \/><\/a>Ein umfassendes Reformprogramm hat Bundeskanzler Gerhard Schr\u00f6der angek\u00fcndigt. In seiner Regierungserkl\u00e4rung beschrieb er detailliert die Modernisierungsschritte in den Bereichen Konjunktur\/Haushalt, Arbeit\/Wirtschaft und Gesundheit\/Rente. Er formulierte eine klare Botschaft: &#8222;Wir werden Leistungen des Staates k\u00fcrzen, Eigenverantwortung f\u00f6rdern und mehr Eigenleistung von den Einzelnen fordern m\u00fcssen.&#8220; Alle Kr\u00e4fte der Gesellschaft werden dazu ihren Beitrag leisten m\u00fcssen: Unternehmer und Arbeitnehmer, freiberuflich T\u00e4tige und Rentner. &#8222;Wir werden eine gewaltige gemeinsame Anstrengung unternehmen m\u00fcssen, um unser Ziel zu erreichen. Aber ich bin sicher: Wir werden es erreichen&#8220;, betonte Schr\u00f6der.<!--more--><\/p>\n<p>Entweder wir modernisieren, und zwar als soziale Marktwirtschaft, mahnte der Kanzler. &#8222;Oder wir werden modernisiert, und zwar von den ungebremsten Kr\u00e4ften des Marktes, die das Soziale beiseite dr\u00e4ngen.&#8220; Wir brauchen durchgreifende Ver\u00e4nderungen, um den Sozialstaat in seiner Substanz zu erhalten.<\/p>\n<p>Durch die Ma\u00dfnahmen der Agenda 2010 wird Deutschland bis zum Ende des Jahrzehnts wieder bei Wohlstand und Arbeit an die Spitze gebracht. Schr\u00f6der k\u00fcndigte erhebliche Wachstumsimpulse und einschneidende Strukturreformen an. Beides geh\u00f6rt zusammen, betonte er: &#8222;Ohne Strukturreformen verpufft jeder Nachfrage-Impuls. Ohne konjunkturpolitisches Gegensteuern laufen die Reformen ins Leere.&#8220;<\/p>\n<p>Schr\u00f6der forderte die Sozialpartner auf, im Interesse des Gemeinwohls zusammenzuarbeiten und flexible L\u00f6sungen zu suchen. &#8222;Es ist klar, dass dogmatische Unbeweglichkeit uns ebenso wenig voranbringt wie aggressive Angriffe auf das Tarifsystem. Wir brauchen nicht mehr Selbstgerechtigkeit, sondern mehr Kreativit\u00e4t bei der L\u00f6sung der Probleme.&#8220; Beiden Seiten muss Flexibilit\u00e4t abgefordert werden.<\/p>\n<p>Schr\u00f6der forderte die Wirtschaft auf, gen\u00fcgend Ausbildungspl\u00e4tze bereitzustellen. Ansonsten wird es auch in diesem Bereich zu gesetzlichen Regelungen zu kommen, sagte Schr\u00f6der.<\/p>\n<p>&#8222;Wir verlangen der Gesellschaft heute etwas ab&#8220;, betonte Schr\u00f6der. &#8222;Aber wir tun es, weil damit den Menschen neue Chancen einger\u00e4umt werden. Chancen, ihre F\u00e4higkeiten zu entwickeln und H\u00f6chstleistungen zu erbringen. Diese Chancen k\u00f6nnen wir uns erarbeiten.&#8220;<\/p>\n<p>Dabei geht es vor allem um Chancen auf Bildung und Investitionen in Forschung und Entwicklung. Es geht, so Schr\u00f6der um &#8222;Wissen und M\u00f6glichkeiten f\u00fcr die Zukunft&#8220;.<\/p>\n<p>Schr\u00f6der zeigte sich entschlossen, &#8222;nicht mehr zuzulassen, dass Probleme auf die lange Bank geschoben werden, weil sie kaum \u00fcberwindbar scheinen.&#8220; L\u00f6sungen d\u00fcrfen nicht l\u00e4nger an Einzelinteressen scheitern.<\/p>\n<p>&#8222;Wir haben die Pflicht, den nachfolgenden Generationen nicht durch unsere Unbeweglichkeit die Chancen auf ein gutes Leben in einer friedlichen und gerechten Welt zu verbauen&#8220;, forderte Schr\u00f6der. &#8222;Deshalb brauchen wir heute den Mut zur Ver\u00e4nderung.&#8220;<\/p>\n","protected":false},"excerpt":{"rendered":"<p>Ein umfassendes Reformprogramm hat Bundeskanzler Gerhard Schr\u00f6der angek\u00fcndigt. In seiner Regierungserkl\u00e4rung beschrieb er detailliert die Modernisierungsschritte in den Bereichen Konjunktur\/Haushalt, Arbeit\/Wirtschaft und Gesundheit\/Rente. Er formulierte eine klare Botschaft: &#8222;Wir werden&hellip; <\/p>\n","protected":false},"author":1,"featured_media":0,"comment_status":"closed","ping_status":"closed","sticky":false,"template":"","format":"standard","meta":{"footnotes":""},"categories":[1],"tags":[],"quellen":[],"class_list":["post-222","post","type-post","status-publish","format-standard","hentry","category-allgemein"],"_links":{"self":[{"href":"https:\/\/meier-gerdingh.de\/wp-spd-ob\/wp-json\/wp\/v2\/posts\/222","targetHints":{"allow":["GET"]}}],"collection":[{"href":"https:\/\/meier-gerdingh.de\/wp-spd-ob\/wp-json\/wp\/v2\/posts"}],"about":[{"href":"https:\/\/meier-gerdingh.de\/wp-spd-ob\/wp-json\/wp\/v2\/types\/post"}],"author":[{"embeddable":true,"href":"https:\/\/meier-gerdingh.de\/wp-spd-ob\/wp-json\/wp\/v2\/users\/1"}],"replies":[{"embeddable":true,"href":"https:\/\/meier-gerdingh.de\/wp-spd-ob\/wp-json\/wp\/v2\/comments?post=222"}],"version-history":[{"count":0,"href":"https:\/\/meier-gerdingh.de\/wp-spd-ob\/wp-json\/wp\/v2\/posts\/222\/revisions"}],"wp:attachment":[{"href":"https:\/\/meier-gerdingh.de\/wp-spd-ob\/wp-json\/wp\/v2\/media?parent=222"}],"wp:term":[{"taxonomy":"category","embeddable":true,"href":"https:\/\/meier-gerdingh.de\/wp-spd-ob\/wp-json\/wp\/v2\/categories?post=222"},{"taxonomy":"post_tag","embeddable":true,"href":"https:\/\/meier-gerdingh.de\/wp-spd-ob\/wp-json\/wp\/v2\/tags?post=222"},{"taxonomy":"quellen","embeddable":true,"href":"https:\/\/meier-gerdingh.de\/wp-spd-ob\/wp-json\/wp\/v2\/quellen?post=222"}],"curies":[{"name":"wp","href":"https:\/\/api.w.org\/{rel}","templated":true}]}}