{"id":223,"date":"2003-03-13T17:00:00","date_gmt":"2003-03-13T15:00:00","guid":{"rendered":"http:\/\/www.meier-gerdingh.de\/spd-oberhausen\/wp\/?p=223"},"modified":"2017-05-10T18:27:08","modified_gmt":"2017-05-10T16:27:08","slug":"diskussionsveranstaltung-foerderung-des-ehrenamtes","status":"publish","type":"post","link":"https:\/\/meier-gerdingh.de\/wp-spd-ob\/2003\/03\/13\/diskussionsveranstaltung-foerderung-des-ehrenamtes\/","title":{"rendered":"Diskussionsveranstaltung &#8222;F\u00f6rderung des Ehrenamtes&#8220;"},"content":{"rendered":"<p><a href=\"http:\/\/meier-gerdingh.de\/wp-spd-ob\/wp-content\/uploads\/logo_asf.jpg\"><img decoding=\"async\" class=\"size-full alignleft\" src=\"http:\/\/meier-gerdingh.de\/wp-spd-ob\/wp-content\/uploads\/logo_asf.jpg\" alt=\"\" width=\"140\" height=\"140\" \/><\/a>Die im Dezember letzten Jahres gegr\u00fcndete AsF Oberhausen (Arbeitsgemeinschaft sozialdemokratischer Frauen in der Oberhausener SPD) hat sich mit ihrer Projektgruppe &#8222;Soziales&#8220;, in der auch Nichtmitglieder mitarbeiten k\u00f6nnen, mit dem Thema Ehrenamt besch\u00e4ftigt. Zu einer \u00f6ffentlichen Diskussionsveranstaltung rund um das Thema &#8222;Ehrenamt&#8220; l\u00e4dt die AsF f\u00fcr Dienstag, 18.\u00a0M\u00e4rz\u00a02003, alle Interessierten herzlich ein.<!--more--><\/p>\n<p>Wie sonst kaum k\u00f6nnen B\u00fcrgerinnen und B\u00fcrger mit ehrenamtlichen Engagement ihr gesellschaftliches Umfeld mitgestalten. Doch wo ist sie, die Motivation der Mitmenschen? Und ist Ehrenamt tats\u00e4chlich so gesellschaftspr\u00e4gend? Ist die Ich-Gesellschaft Realit\u00e4t? Hinzunehmen ist ein resignierendes Bejahen der Frage aus unserer Sicht nicht. Das soziale Gef\u00fcge lebt vom Ehrenamt. Es bleibt die Frage, wie und ob eine F\u00f6rderung der freiwilligen Arbeit wirken kann. Wirken nicht nur in der Masse der ehrenamtlich T\u00e4tigen, sondern auch in der Qualit\u00e4t deren Arbeit. Und das hier &#8211; in Oberhausen.<\/p>\n<p>Fragen und Thesen zur F\u00f6rderung des Ehrenamtes m\u00f6chten wir auf einer <b>Veranstaltung<\/b> diskutieren:<\/p>\n<p><b>Dienstag, 18. M\u00e4rz 2003, ab 19 Uhr,<br \/>\nin den R\u00e4umen des DPWV Oberhausen, Altmarkt 1, Eingang Gutenbergstr. 6, 2. Etage<\/b><\/p>\n<p>Als <b>Gespr\u00e4chspartner\/innen<\/b> haben wir eingeladen:<\/p>\n<p><b>Petra Kersten-Rettig<\/b>, Beigeordnete f\u00fcr Soziales, Jugend, Gesundheit und Sport der Stadt Oberhausen<br \/>\n<b>Dr. Angelika Kordfelder<\/b>, Kulturakademie Remscheid<br \/>\n<b>Hans Thesing<\/b>, Gesch\u00e4ftsf\u00fchrer Kontaktb\u00f6rse f\u00fcr Ehrenamtliche \/ Borken<br \/>\n<b>Peter J\u00f6tten<\/b>, DPWV Deutscher Parit\u00e4tischer Wohlfahrtsverband Oberhausen<\/p>\n<p><b>Begr\u00fc\u00dfung:<\/b><br \/>\n<b>Liesel Mels<\/b>, Vorsitzende der AsF Oberhausen<\/p>\n<p><b>Moderation:<\/b><br \/>\n<b>Ute Jordan-Ecker<\/b>, Mitglied der PG Soziales der AsF Oberhausen<\/p>\n","protected":false},"excerpt":{"rendered":"<p>Die im Dezember letzten Jahres gegr\u00fcndete AsF Oberhausen (Arbeitsgemeinschaft sozialdemokratischer Frauen in der Oberhausener SPD) hat sich mit ihrer Projektgruppe &#8222;Soziales&#8220;, in der auch Nichtmitglieder mitarbeiten k\u00f6nnen, mit dem Thema&hellip; <\/p>\n","protected":false},"author":1,"featured_media":0,"comment_status":"closed","ping_status":"closed","sticky":false,"template":"","format":"standard","meta":{"footnotes":""},"categories":[1],"tags":[],"quellen":[],"class_list":["post-223","post","type-post","status-publish","format-standard","hentry","category-allgemein"],"_links":{"self":[{"href":"https:\/\/meier-gerdingh.de\/wp-spd-ob\/wp-json\/wp\/v2\/posts\/223","targetHints":{"allow":["GET"]}}],"collection":[{"href":"https:\/\/meier-gerdingh.de\/wp-spd-ob\/wp-json\/wp\/v2\/posts"}],"about":[{"href":"https:\/\/meier-gerdingh.de\/wp-spd-ob\/wp-json\/wp\/v2\/types\/post"}],"author":[{"embeddable":true,"href":"https:\/\/meier-gerdingh.de\/wp-spd-ob\/wp-json\/wp\/v2\/users\/1"}],"replies":[{"embeddable":true,"href":"https:\/\/meier-gerdingh.de\/wp-spd-ob\/wp-json\/wp\/v2\/comments?post=223"}],"version-history":[{"count":0,"href":"https:\/\/meier-gerdingh.de\/wp-spd-ob\/wp-json\/wp\/v2\/posts\/223\/revisions"}],"wp:attachment":[{"href":"https:\/\/meier-gerdingh.de\/wp-spd-ob\/wp-json\/wp\/v2\/media?parent=223"}],"wp:term":[{"taxonomy":"category","embeddable":true,"href":"https:\/\/meier-gerdingh.de\/wp-spd-ob\/wp-json\/wp\/v2\/categories?post=223"},{"taxonomy":"post_tag","embeddable":true,"href":"https:\/\/meier-gerdingh.de\/wp-spd-ob\/wp-json\/wp\/v2\/tags?post=223"},{"taxonomy":"quellen","embeddable":true,"href":"https:\/\/meier-gerdingh.de\/wp-spd-ob\/wp-json\/wp\/v2\/quellen?post=223"}],"curies":[{"name":"wp","href":"https:\/\/api.w.org\/{rel}","templated":true}]}}