{"id":224,"date":"2003-03-13T17:00:00","date_gmt":"2003-03-13T15:00:00","guid":{"rendered":"http:\/\/www.meier-gerdingh.de\/spd-oberhausen\/wp\/?p=224"},"modified":"2017-05-10T18:27:30","modified_gmt":"2017-05-10T16:27:30","slug":"mdl-wolfgang-grosse-broemer-referiert-ueber-bildungspolitik","status":"publish","type":"post","link":"https:\/\/meier-gerdingh.de\/wp-spd-ob\/2003\/03\/13\/mdl-wolfgang-grosse-broemer-referiert-ueber-bildungspolitik\/","title":{"rendered":"MdL Wolfgang Gro\u00dfe Br\u00f6mer referiert \u00fcber Bildungspolitik"},"content":{"rendered":"<p><a href=\"http:\/\/meier-gerdingh.de\/wp-spd-ob\/wp-content\/uploads\/grosse_broemer_rede.jpg\"><img decoding=\"async\" class=\"size-full alignleft\" src=\"http:\/\/meier-gerdingh.de\/wp-spd-ob\/wp-content\/uploads\/grosse_broemer_rede.jpg\" alt=\"\" width=\"140\" height=\"186\" \/><\/a>Seit der Ver\u00f6ffentlichung der ersten PISA-Studie ist die deutsche Bildungspolitik in den Schlagzeilen. Das insgesamt f\u00fcr Deutschland entt\u00e4uschende Ergebnis hat viele Fragen nach den m\u00f6glichen Ursachen aufgeworfen. Die Arbeitsgemeinschaft f\u00fcr Bildungsfragen und der SPD-Unterbezirk Oberhausen laden herzlich zu einer Informations- und Diskussionsveranstaltung am kommenden Mittwoch, 19.\u00a0M\u00e4rz, ein. Unser Abgeordneter im Landtag, Wolfgang Gro\u00dfe Br\u00f6mer, wird dabei insbesondere auf die folgenden Fragestellungen eingehen.<!--more--><\/p>\n<p>&#8211; Ist das im internationalen Vergleich nur sehr geringe Angebot an Ganztagsschulen ein Grund f\u00fcr das schlechte Abschneiden?<\/p>\n<p>&#8211; Werden deutsche Kinder vielleicht generell zu sp\u00e4t eingeschult?<\/p>\n<p>&#8211; Ist es m\u00f6glich, dass die Lehrerinnen und<\/p>\n","protected":false},"excerpt":{"rendered":"<p>Seit der Ver\u00f6ffentlichung der ersten PISA-Studie ist die deutsche Bildungspolitik in den Schlagzeilen. Das insgesamt f\u00fcr Deutschland entt\u00e4uschende Ergebnis hat viele Fragen nach den m\u00f6glichen Ursachen aufgeworfen. Die Arbeitsgemeinschaft f\u00fcr&hellip; <\/p>\n","protected":false},"author":1,"featured_media":0,"comment_status":"closed","ping_status":"closed","sticky":false,"template":"","format":"standard","meta":{"footnotes":""},"categories":[1],"tags":[],"quellen":[],"class_list":["post-224","post","type-post","status-publish","format-standard","hentry","category-allgemein"],"_links":{"self":[{"href":"https:\/\/meier-gerdingh.de\/wp-spd-ob\/wp-json\/wp\/v2\/posts\/224","targetHints":{"allow":["GET"]}}],"collection":[{"href":"https:\/\/meier-gerdingh.de\/wp-spd-ob\/wp-json\/wp\/v2\/posts"}],"about":[{"href":"https:\/\/meier-gerdingh.de\/wp-spd-ob\/wp-json\/wp\/v2\/types\/post"}],"author":[{"embeddable":true,"href":"https:\/\/meier-gerdingh.de\/wp-spd-ob\/wp-json\/wp\/v2\/users\/1"}],"replies":[{"embeddable":true,"href":"https:\/\/meier-gerdingh.de\/wp-spd-ob\/wp-json\/wp\/v2\/comments?post=224"}],"version-history":[{"count":0,"href":"https:\/\/meier-gerdingh.de\/wp-spd-ob\/wp-json\/wp\/v2\/posts\/224\/revisions"}],"wp:attachment":[{"href":"https:\/\/meier-gerdingh.de\/wp-spd-ob\/wp-json\/wp\/v2\/media?parent=224"}],"wp:term":[{"taxonomy":"category","embeddable":true,"href":"https:\/\/meier-gerdingh.de\/wp-spd-ob\/wp-json\/wp\/v2\/categories?post=224"},{"taxonomy":"post_tag","embeddable":true,"href":"https:\/\/meier-gerdingh.de\/wp-spd-ob\/wp-json\/wp\/v2\/tags?post=224"},{"taxonomy":"quellen","embeddable":true,"href":"https:\/\/meier-gerdingh.de\/wp-spd-ob\/wp-json\/wp\/v2\/quellen?post=224"}],"curies":[{"name":"wp","href":"https:\/\/api.w.org\/{rel}","templated":true}]}}