{"id":225,"date":"2003-03-14T17:00:00","date_gmt":"2003-03-14T15:00:00","guid":{"rendered":"http:\/\/www.meier-gerdingh.de\/spd-oberhausen\/wp\/?p=225"},"modified":"2017-05-10T18:02:57","modified_gmt":"2017-05-10T16:02:57","slug":"die-zeit-des-lamentierens-ist-vorbei-jetzt-wird-gehandelt","status":"publish","type":"post","link":"https:\/\/meier-gerdingh.de\/wp-spd-ob\/2003\/03\/14\/die-zeit-des-lamentierens-ist-vorbei-jetzt-wird-gehandelt\/","title":{"rendered":"&#8222;Die Zeit des Lamentierens ist vorbei, jetzt wird gehandelt!&#8220;"},"content":{"rendered":"<p><a href=\"http:\/\/meier-gerdingh.de\/wp-spd-ob\/wp-content\/uploads\/hartmut_schmidt.jpg\"><img decoding=\"async\" class=\"size-full alignleft\" src=\"http:\/\/meier-gerdingh.de\/wp-spd-ob\/wp-content\/uploads\/hartmut_schmidt.jpg\" alt=\"\" width=\"140\" height=\"192\" \/><\/a>Auf durchweg positive Resonanz ist die Regierungserkl\u00e4rung von Gerhard Schr\u00f6der bei den Spitzen der Oberhausener SPD gesto\u00dfen. SPD-Parteichef Hartmut Schmidt in einer ersten Reaktion: &#8222;Die Regierung hat den roten Faden ihrer Politik wiedergefunden. Das von Gerhard Schr\u00f6der heute vorgelegte Reformprogramm ist der von vielen nicht mehr f\u00fcr m\u00f6glich gehaltene gro\u00dfe Wurf f\u00fcr die \u00f6konomische und soziale Erneuerung unseres Landes. Die Zeit des Lamentierens ist vorbei. Jetzt ist die Zeit des Handelns.&#8220;<!--more--><\/p>\n<p>Und ein sichtlich zufriedener Michael Groschek, Oberhausener MdL und Generalsekret\u00e4r der NRWSPD, erg\u00e4nzt: &#8222;Die Kanzlerrede hatte ganz klare sozialdemokratische Kante. Gerhard Schr\u00f6der hat keinen Zweifel daran gelassen, dass die notwendigen Lasten gerecht verteilt und alle Bev\u00f6lkerungsgruppen in die Pflicht genommen werden.&#8220;<\/p>\n<p>Auf besonderes Interesse stie\u00dfen bei den Oberhausener Sozialdemokraten nat\u00fcrlich die Ausf\u00fchrungen des Kanzlers zur Finanzsituation der St\u00e4dte. SPD-Fraktionschef Wolfgang Gro\u00dfe Br\u00f6mer: &#8222;Mit den angek\u00fcndigten Sofortma\u00dfnahmen und der Gemeindefinanzreform bek\u00e4men wir auch in Oberhausen wieder mehr Spielraum bei dringend erforderlichen Investitionen. Ich kann nur hoffen, dass die CDU\/CSU-gef\u00fchrten L\u00e4nder diese Hilfen f\u00fcr die Kommunen nicht aus kleinkarierten parteitaktischen Motiven im Bundesrat blockieren.&#8220;<\/p>\n<p>Auch hinsichtlich der aktuellen Diskussionen um die Zukunft der kommunalen Besch\u00e4ftigungspolitik blicken die Oberhausener Sozialdemokraten optimistischer in die Zukunft. Der Kanzler habe klipp und klar gesagt, dass der \u00f6ffentlich gef\u00f6rderte zweite Arbeitsmarkt auch in strukturschwachen Gebieten in Westdeutschland unverzichtbar sei.<\/p>\n","protected":false},"excerpt":{"rendered":"<p>Auf durchweg positive Resonanz ist die Regierungserkl\u00e4rung von Gerhard Schr\u00f6der bei den Spitzen der Oberhausener SPD gesto\u00dfen. SPD-Parteichef Hartmut Schmidt in einer ersten Reaktion: &#8222;Die Regierung hat den roten Faden&hellip; <\/p>\n","protected":false},"author":1,"featured_media":0,"comment_status":"closed","ping_status":"closed","sticky":false,"template":"","format":"standard","meta":{"footnotes":""},"categories":[1],"tags":[],"quellen":[],"class_list":["post-225","post","type-post","status-publish","format-standard","hentry","category-allgemein"],"_links":{"self":[{"href":"https:\/\/meier-gerdingh.de\/wp-spd-ob\/wp-json\/wp\/v2\/posts\/225","targetHints":{"allow":["GET"]}}],"collection":[{"href":"https:\/\/meier-gerdingh.de\/wp-spd-ob\/wp-json\/wp\/v2\/posts"}],"about":[{"href":"https:\/\/meier-gerdingh.de\/wp-spd-ob\/wp-json\/wp\/v2\/types\/post"}],"author":[{"embeddable":true,"href":"https:\/\/meier-gerdingh.de\/wp-spd-ob\/wp-json\/wp\/v2\/users\/1"}],"replies":[{"embeddable":true,"href":"https:\/\/meier-gerdingh.de\/wp-spd-ob\/wp-json\/wp\/v2\/comments?post=225"}],"version-history":[{"count":0,"href":"https:\/\/meier-gerdingh.de\/wp-spd-ob\/wp-json\/wp\/v2\/posts\/225\/revisions"}],"wp:attachment":[{"href":"https:\/\/meier-gerdingh.de\/wp-spd-ob\/wp-json\/wp\/v2\/media?parent=225"}],"wp:term":[{"taxonomy":"category","embeddable":true,"href":"https:\/\/meier-gerdingh.de\/wp-spd-ob\/wp-json\/wp\/v2\/categories?post=225"},{"taxonomy":"post_tag","embeddable":true,"href":"https:\/\/meier-gerdingh.de\/wp-spd-ob\/wp-json\/wp\/v2\/tags?post=225"},{"taxonomy":"quellen","embeddable":true,"href":"https:\/\/meier-gerdingh.de\/wp-spd-ob\/wp-json\/wp\/v2\/quellen?post=225"}],"curies":[{"name":"wp","href":"https:\/\/api.w.org\/{rel}","templated":true}]}}