{"id":227,"date":"2003-03-20T17:00:00","date_gmt":"2003-03-20T15:00:00","guid":{"rendered":"http:\/\/www.meier-gerdingh.de\/spd-oberhausen\/wp\/?p=227"},"modified":"2017-05-10T17:57:35","modified_gmt":"2017-05-10T15:57:35","slug":"land-signalisiert-politische-unterstuetzung","status":"publish","type":"post","link":"https:\/\/meier-gerdingh.de\/wp-spd-ob\/2003\/03\/20\/land-signalisiert-politische-unterstuetzung\/","title":{"rendered":"Land signalisiert politische Unterst\u00fctzung"},"content":{"rendered":"<div style=\"width: 190px\" class=\"wp-caption alignleft\"><a href=\"http:\/\/meier-gerdingh.de\/wp-spd-ob\/wp-content\/uploads\/zaq.jpg\"><img decoding=\"async\" class=\"size-full\" src=\"http:\/\/meier-gerdingh.de\/wp-spd-ob\/wp-content\/uploads\/zaq.jpg\" alt=\"Gr\u00f6\u00dfter Ausbildungsbetrieb in Oberhausen: Das Zentrum f\u00fcr Ausbildung und Qualifizierung (ZAQ)\" width=\"180\" height=\"153\" \/><\/a><p class=\"wp-caption-text\">Gr\u00f6\u00dfter Ausbildungsbetrieb in Oberhausen: Das Zentrum f\u00fcr Ausbildung und Qualifizierung (ZAQ)<\/p><\/div>\n<p>Das von massiven K\u00fcrzungen bei der Bundesanstalt f\u00fcr Arbeit in seiner Substanz bedrohte Oberhausener Verbundsystem darf auf politische Unterst\u00fctzung durch die Landesregierung hoffen. Dies ist das wichtigste Ergebnis eines kurzfristig anberaumten Gespr\u00e4chs der beiden SPD-Landtagsabgeordneten Michael Groschek und Wolfgang Gro\u00dfe Br\u00f6mer mit dem NRW-Staatssekret\u00e4r im Ministerium f\u00fcr Wirtschaft und Arbeit Josef Fischer in D\u00fcsseldorf, an dem auch der Gesch\u00e4ftsf\u00fchrer des Zentrums f\u00fcr Ausbildung und Qualifizierung (ZAQ), Jochen Kamps, teilnahm.<!--more--><\/p>\n<p>Fischer \u00e4u\u00dferte dabei gro\u00dfes Verst\u00e4ndnis f\u00fcr die Sorgen der Weiterbildungs- und Qualifizierungstr\u00e4ger und k\u00fcndigte eine politische Initiative der Landesregierung in Berlin an. Michael Groschek, Oberhausener MdL und Generalsekret\u00e4r der NRWSPD: &#8222;Florian Gerster und die Bundesanstalt m\u00fcssen in diesem Bereich zu Korrekturen gezwungen werden. Der von uns mitgetragene sinnvolle Umbruch auf dem Arbeitsmarkt im Zeichen der Hartz-Gesetze darf nicht den Eindruck eines Abbruchunternehmens erwecken.&#8220;<\/p>\n<p>Und Wolfgang Gro\u00dfe Br\u00f6mer, MdL und Fraktionsvorsitzender der SPD im Stadtrat, erg\u00e4nzt: &#8222;Der Szenenwechsel hin zu Personal-Service-Agenturen und Job-Centern kann doch nicht damit erkauft werden, dass aufgrund der drastischen K\u00fcrzungen bei der Bundesanstalt Tausende Jugendliche ins soziale Abseits rutschen.&#8220; Vorrangig komme es jetzt auf eine sozialvertr\u00e4gliche Flankierung des \u00dcbergangszeitraums an, bis das neue System voll funktionsf\u00e4hig sei.<\/p>\n<p>ZAQ-Gesch\u00e4ftsf\u00fchrer Jochen Kamps zeigte sich anschlie\u00dfend sehr erfreut, dass nicht nur die beiden Oberhausener Landtagsabgeordneten, sondern auch der Staatssekret\u00e4r Unterst\u00fctzung in der Sache zugesagt h\u00e4tten.<\/p>\n<p>Landesgeneralsekret\u00e4r Michael Groschek hat dar\u00fcber hinaus angek\u00fcndigt, Bundeskanzler Gerhard Schr\u00f6der pers\u00f6nlich auf dieses Problem hinzuweisen. Auf einer Klausurtagung der SPD-Abgeordneten aus NRW am n\u00e4chsten Wochenende wird er die Gelegenheit nutzen, dem Kanzler ein entsprechendes Schreiben zu \u00fcberreichen.<\/p>\n","protected":false},"excerpt":{"rendered":"<p>Das von massiven K\u00fcrzungen bei der Bundesanstalt f\u00fcr Arbeit in seiner Substanz bedrohte Oberhausener Verbundsystem darf auf politische Unterst\u00fctzung durch die Landesregierung hoffen. Dies ist das wichtigste Ergebnis eines kurzfristig&hellip; <\/p>\n","protected":false},"author":1,"featured_media":0,"comment_status":"closed","ping_status":"closed","sticky":false,"template":"","format":"standard","meta":{"footnotes":""},"categories":[1],"tags":[],"quellen":[],"class_list":["post-227","post","type-post","status-publish","format-standard","hentry","category-allgemein"],"_links":{"self":[{"href":"https:\/\/meier-gerdingh.de\/wp-spd-ob\/wp-json\/wp\/v2\/posts\/227","targetHints":{"allow":["GET"]}}],"collection":[{"href":"https:\/\/meier-gerdingh.de\/wp-spd-ob\/wp-json\/wp\/v2\/posts"}],"about":[{"href":"https:\/\/meier-gerdingh.de\/wp-spd-ob\/wp-json\/wp\/v2\/types\/post"}],"author":[{"embeddable":true,"href":"https:\/\/meier-gerdingh.de\/wp-spd-ob\/wp-json\/wp\/v2\/users\/1"}],"replies":[{"embeddable":true,"href":"https:\/\/meier-gerdingh.de\/wp-spd-ob\/wp-json\/wp\/v2\/comments?post=227"}],"version-history":[{"count":0,"href":"https:\/\/meier-gerdingh.de\/wp-spd-ob\/wp-json\/wp\/v2\/posts\/227\/revisions"}],"wp:attachment":[{"href":"https:\/\/meier-gerdingh.de\/wp-spd-ob\/wp-json\/wp\/v2\/media?parent=227"}],"wp:term":[{"taxonomy":"category","embeddable":true,"href":"https:\/\/meier-gerdingh.de\/wp-spd-ob\/wp-json\/wp\/v2\/categories?post=227"},{"taxonomy":"post_tag","embeddable":true,"href":"https:\/\/meier-gerdingh.de\/wp-spd-ob\/wp-json\/wp\/v2\/tags?post=227"},{"taxonomy":"quellen","embeddable":true,"href":"https:\/\/meier-gerdingh.de\/wp-spd-ob\/wp-json\/wp\/v2\/quellen?post=227"}],"curies":[{"name":"wp","href":"https:\/\/api.w.org\/{rel}","templated":true}]}}