{"id":229,"date":"2003-03-24T17:00:00","date_gmt":"2003-03-24T15:00:00","guid":{"rendered":"http:\/\/www.meier-gerdingh.de\/spd-oberhausen\/wp\/?p=229"},"modified":"2022-03-01T19:07:44","modified_gmt":"2022-03-01T18:07:44","slug":"spd-frauen-diskutieren-einrichtung-einer-freiwilligen-agentur","status":"publish","type":"post","link":"https:\/\/meier-gerdingh.de\/wp-spd-ob\/2003\/03\/24\/spd-frauen-diskutieren-einrichtung-einer-freiwilligen-agentur\/","title":{"rendered":"SPD-Frauen diskutieren Einrichtung einer Freiwilligen-Agentur"},"content":{"rendered":"<p><a href=\"http:\/\/meier-gerdingh.de\/wp-spd-ob\/wp-content\/uploads\/logo_asf.jpg\"><img decoding=\"async\" class=\"size-full alignleft\" src=\"http:\/\/meier-gerdingh.de\/wp-spd-ob\/wp-content\/uploads\/logo_asf.jpg\" alt=\"\" width=\"140\" height=\"140\" \/><\/a>Einhellig wurde die Position der Arbeitsgemeinschaft sozialdemokratischer Frauen (AsF) bei einer Veranstaltung unterst\u00fctzt, dem Ehrenamt mehr Bedeutung und Aufmerksamkeit zu schenken. Die AsF lud zu einer Veranstaltung &#8222;F\u00f6rderung des Ehrenamts&#8220; in die R\u00e4ume des DPWV Oberhausen &#8211; und viele Vertreter von Vereinen, Verb\u00e4nden und Selbsthilfegruppen diskutierten mit.<!--more--><\/p>\n<p>Das Podium rund um die Moderatorin Dr. Ute Jordan-Ecker war hochrangig besetzt. Die Beigeordnete f\u00fcr Soziales, Jugend, Gesundheit und Sport, Petra Kersten-Rettig, und Dr. Angelika Kordfelder, Kulturakademie Remscheid, erl\u00e4uterten die Bedeutung von freiwilliger Arbeit. In Deutschland sind 22 Mio. Menschen ehrenamtlich t\u00e4tig. Und noch mehr Menschen signalisieren Bereitschaft zur Annahme eines Ehrenamts. Die Felder Sport, Kinder, Freizeit und Kirche sind die gefragtesten.<\/p>\n<p>Um die ehrenamtliche Bet\u00e4tigung zu st\u00e4rken und Rahmenbedingungen zu erleichtern, regt die AsF die Einrichtung einer Freiwilligen-Agentur an. \u00c4hnlich wie im Kreis Borken, dessen Vertreter f\u00fcr die dort t\u00e4tige Kontaktb\u00f6rse f\u00fcr Ehrenamtliche, Hans Thesing, w\u00e4hrend der Veranstaltung praxisnah berichtete, soll in dieser Stelle Angebot und Nachfrage des Ehrenamts zusammengef\u00fchrt werden. Ohne eine zentrale Stelle stehen interessierte Menschen derzeit vor einem riesigen Angebot. Allein in Oberhausen gibt es \u00fcber 700 Vereine, Verb\u00e4nde, Gruppen und Einrichtungen, in denen Menschen ehrenamtlich t\u00e4tig sein k\u00f6nnen. Hinzu kommen noch viele Einzelma\u00dfnahmen. Da verliert der ein oder andere schon zu Beginn wieder die Lust.<\/p>\n<p>Die Veranstaltungsteilnehmer sahen ebenfalls einen gro\u00dfen Bedarf an der Begleitung des bereits bestehenden Ehrenamts. Kontaktvermittlung, rechtliche Beratung und Hilfestellung zur \u00dcberwindung b\u00fcrokratischer H\u00fcrden wurden von den Gruppenvertretern gefordert und ebenso die Qualifizierung von Ehrenamtlichen. Diese Nachfrage verdeutlichte auch Podiumsteilnehmer Peter J\u00f6tten, Mitarbeiter des DPWV Oberhausen.<\/p>\n<p>&#8222;Mit einer Freiwilligen-Agentur kann das Ehrenamt geb\u00fcndelt und vernetzt werden und stark nach au\u00dfen wirken&#8220;, so AsF-Sprecherin Britta Costecki. &#8222;Das Ehrenamt ist wichtig f\u00fcr unsere Kultur des Zusammenlebens und muss so gut wie m\u00f6glich unterst\u00fctzt werden.&#8220;<\/p>\n","protected":false},"excerpt":{"rendered":"<p>Einhellig wurde die Position der Arbeitsgemeinschaft sozialdemokratischer Frauen (AsF) bei einer Veranstaltung unterst\u00fctzt, dem Ehrenamt mehr Bedeutung und Aufmerksamkeit zu schenken. Die AsF lud zu einer Veranstaltung &#8222;F\u00f6rderung des Ehrenamts&#8220;&hellip; <\/p>\n","protected":false},"author":1,"featured_media":0,"comment_status":"closed","ping_status":"closed","sticky":false,"template":"","format":"standard","meta":{"footnotes":""},"categories":[1],"tags":[],"quellen":[],"class_list":["post-229","post","type-post","status-publish","format-standard","hentry","category-allgemein"],"_links":{"self":[{"href":"https:\/\/meier-gerdingh.de\/wp-spd-ob\/wp-json\/wp\/v2\/posts\/229","targetHints":{"allow":["GET"]}}],"collection":[{"href":"https:\/\/meier-gerdingh.de\/wp-spd-ob\/wp-json\/wp\/v2\/posts"}],"about":[{"href":"https:\/\/meier-gerdingh.de\/wp-spd-ob\/wp-json\/wp\/v2\/types\/post"}],"author":[{"embeddable":true,"href":"https:\/\/meier-gerdingh.de\/wp-spd-ob\/wp-json\/wp\/v2\/users\/1"}],"replies":[{"embeddable":true,"href":"https:\/\/meier-gerdingh.de\/wp-spd-ob\/wp-json\/wp\/v2\/comments?post=229"}],"version-history":[{"count":0,"href":"https:\/\/meier-gerdingh.de\/wp-spd-ob\/wp-json\/wp\/v2\/posts\/229\/revisions"}],"wp:attachment":[{"href":"https:\/\/meier-gerdingh.de\/wp-spd-ob\/wp-json\/wp\/v2\/media?parent=229"}],"wp:term":[{"taxonomy":"category","embeddable":true,"href":"https:\/\/meier-gerdingh.de\/wp-spd-ob\/wp-json\/wp\/v2\/categories?post=229"},{"taxonomy":"post_tag","embeddable":true,"href":"https:\/\/meier-gerdingh.de\/wp-spd-ob\/wp-json\/wp\/v2\/tags?post=229"},{"taxonomy":"quellen","embeddable":true,"href":"https:\/\/meier-gerdingh.de\/wp-spd-ob\/wp-json\/wp\/v2\/quellen?post=229"}],"curies":[{"name":"wp","href":"https:\/\/api.w.org\/{rel}","templated":true}]}}