{"id":230,"date":"2003-03-26T17:00:00","date_gmt":"2003-03-26T15:00:00","guid":{"rendered":"http:\/\/www.meier-gerdingh.de\/spd-oberhausen\/wp\/?p=230"},"modified":"2017-05-10T17:56:34","modified_gmt":"2017-05-10T15:56:34","slug":"oberhausener-kurzfilmtage-lassen-sich-keinen-maulkorb-verpassen","status":"publish","type":"post","link":"https:\/\/meier-gerdingh.de\/wp-spd-ob\/2003\/03\/26\/oberhausener-kurzfilmtage-lassen-sich-keinen-maulkorb-verpassen\/","title":{"rendered":"Oberhausener Kurzfilmtage lassen sich keinen Maulkorb verpassen"},"content":{"rendered":"<div style=\"width: 150px\" class=\"wp-caption alignleft\"><a href=\"http:\/\/meier-gerdingh.de\/wp-spd-ob\/wp-content\/uploads\/flore.jpg\"><img decoding=\"async\" class=\"size-full\" src=\"http:\/\/meier-gerdingh.de\/wp-spd-ob\/wp-content\/uploads\/flore.jpg\" alt=\"Manfred Flore: Kulturpolitischer Sprecher der SPD-Fraktion\" width=\"140\" height=\"180\" \/><\/a><p class=\"wp-caption-text\">Manfred Flore: Kulturpolitischer Sprecher der SPD-Fraktion<\/p><\/div>\n<p>Scharf zur\u00fcckgewiesen hat der kulturpolitische Sprecher der SPD-Fraktion Manfred Flore die Kritik des CDU-Fraktionsvorsitzenden Daniel Schranz an der Festivalleitung der Kurzfilmtage. Die Leitung der Kurzfilmtage hatte bekanntlich in einer ersten Reaktion die milit\u00e4rische Intervention im Irak als v\u00f6lkerrechtswidrig bezeichnet und gleichzeitig angek\u00fcndigt, aus Protest gegen den Krieg keine Regierungsvertreter der beteiligten L\u00e4nder zum diesj\u00e4hrigen Festival einladen zu wollen.<!--more--><\/p>\n<p>Manfred Flore: &#8222;Herrn Schranz bleibt es jederzeit unbenommen, in seiner Funktion als CDU-Fraktionsvorsitzender politische Entwicklungen zu kommentieren. In diesem Fall aber hat er sein vom Rat der Stadt \u00fcbertragenes Amt als Vorsitzender des Aufsichtsrates der IKF gGmbH dazu missbraucht, um ohne R\u00fccksprache mit den anderen Mitgliedern dieses Gremiums \u00f6ffentlichen Druck auf die Leitung der Kurzfilmtage auszu\u00fcben. Das ist nicht akzeptabel und wir werden dieses Verhalten als SPD-Fraktion in der n\u00e4chsten Sitzung des Aufsichtsrates am 8. April thematisieren. Herr Schranz irrt, wenn er glaubt, den Oberhausener Kurzfilmtagen einen politischen Maulkorb verpassen zu k\u00f6nnen.&#8220;<\/p>\n<p>Im \u00dcbrigen sei es doch geradezu abwegig, von den Veranstaltern eines Festivals, das seit Jahrzehnten dem friedlichen Zusammenleben unterschiedlicher Kulturen und der V\u00f6lkerverst\u00e4ndigung verpflichtet ist, politische Abstinenz in einer so grundlegenden Frage zu erwarten. Die Leitung der Kurzfilmtage wisse die \u00fcberw\u00e4ltigende Mehrheit auch der Oberhausener Bev\u00f6lkerung auf ihrer Seite, wenn sie diesen Krieg als ungerechtfertigt ablehnt und ihre Sorge um den Tod zahlloser Unschuldiger zum Ausdruck bringt.<\/p>\n<p>Besonders \u00fcbel sto\u00dfe auf, dass Schranz entweder bewusst oder in Unkenntnis des genauen Sachverhalts den Eindruck erweckt, als h\u00e4tten die Kurzfilmtage eine Art Sippenhaft \u00fcber die Angeh\u00f6rigen der kriegf\u00fchrenden L\u00e4nder verh\u00e4ngt. In Tat und Wahrheit habe die Festivalleitung lediglich bekannt gegeben, als Zeichen des Protestes gegen diesen Krieg auf die Einladung offizieller Regierungsvertreter in diesem Jahr zu verzichten. Niemandem jedoch w\u00fcrde der Zugang zum Festival verwehrt. Allenfalls, so Flore weiter, lie\u00dfe sich dar\u00fcber streiten, ob es nicht sinnvoller sei, die offiziellen Vertreter von Regierungen der kriegf\u00fchrenden L\u00e4nder bei jeder nur m\u00f6glichen Gelegenheit mit der Forderung nach der Beendigung dieses Krieges zu konfrontieren.<\/p>\n<p>&#8222;Auch angesichts der hochnotpeinlichen Wackelpartie der CDU in der Irak-Frage&#8220;, so Flore abschlie\u00dfend, &#8222;hat Herr Schranz eine erstklassige Gelegenheit verpasst, sich bedeckt zu halten.&#8220;<\/p>\n","protected":false},"excerpt":{"rendered":"<p>Scharf zur\u00fcckgewiesen hat der kulturpolitische Sprecher der SPD-Fraktion Manfred Flore die Kritik des CDU-Fraktionsvorsitzenden Daniel Schranz an der Festivalleitung der Kurzfilmtage. Die Leitung der Kurzfilmtage hatte bekanntlich in einer ersten&hellip; <\/p>\n","protected":false},"author":1,"featured_media":0,"comment_status":"closed","ping_status":"closed","sticky":false,"template":"","format":"standard","meta":{"footnotes":""},"categories":[1],"tags":[],"quellen":[],"class_list":["post-230","post","type-post","status-publish","format-standard","hentry","category-allgemein"],"_links":{"self":[{"href":"https:\/\/meier-gerdingh.de\/wp-spd-ob\/wp-json\/wp\/v2\/posts\/230","targetHints":{"allow":["GET"]}}],"collection":[{"href":"https:\/\/meier-gerdingh.de\/wp-spd-ob\/wp-json\/wp\/v2\/posts"}],"about":[{"href":"https:\/\/meier-gerdingh.de\/wp-spd-ob\/wp-json\/wp\/v2\/types\/post"}],"author":[{"embeddable":true,"href":"https:\/\/meier-gerdingh.de\/wp-spd-ob\/wp-json\/wp\/v2\/users\/1"}],"replies":[{"embeddable":true,"href":"https:\/\/meier-gerdingh.de\/wp-spd-ob\/wp-json\/wp\/v2\/comments?post=230"}],"version-history":[{"count":0,"href":"https:\/\/meier-gerdingh.de\/wp-spd-ob\/wp-json\/wp\/v2\/posts\/230\/revisions"}],"wp:attachment":[{"href":"https:\/\/meier-gerdingh.de\/wp-spd-ob\/wp-json\/wp\/v2\/media?parent=230"}],"wp:term":[{"taxonomy":"category","embeddable":true,"href":"https:\/\/meier-gerdingh.de\/wp-spd-ob\/wp-json\/wp\/v2\/categories?post=230"},{"taxonomy":"post_tag","embeddable":true,"href":"https:\/\/meier-gerdingh.de\/wp-spd-ob\/wp-json\/wp\/v2\/tags?post=230"},{"taxonomy":"quellen","embeddable":true,"href":"https:\/\/meier-gerdingh.de\/wp-spd-ob\/wp-json\/wp\/v2\/quellen?post=230"}],"curies":[{"name":"wp","href":"https:\/\/api.w.org\/{rel}","templated":true}]}}