{"id":2347,"date":"2015-01-20T14:13:00","date_gmt":"2015-01-20T12:13:00","guid":{"rendered":"http:\/\/www.meier-gerdingh.de\/spd-oberhausen\/wp\/?p=2347"},"modified":"2017-01-03T16:19:20","modified_gmt":"2017-01-03T15:19:20","slug":"stefan-zimkeit-neuer-finanzpolitischer-sprecher","status":"publish","type":"post","link":"https:\/\/meier-gerdingh.de\/wp-spd-ob\/2015\/01\/20\/stefan-zimkeit-neuer-finanzpolitischer-sprecher\/","title":{"rendered":"Stefan Zimkeit neuer finanzpolitischer Sprecher"},"content":{"rendered":"<div id=\"attachment_1707\" style=\"width: 150px\" class=\"wp-caption alignleft\"><a href=\"http:\/\/meier-gerdingh.de\/wp-spd-ob\/wp-content\/uploads\/zimkeit_stefan_12.jpg\"><img aria-describedby=\"caption-attachment-1707\" decoding=\"async\" class=\"size-full wp-image-1707\" src=\"http:\/\/meier-gerdingh.de\/wp-spd-ob\/wp-content\/uploads\/zimkeit_stefan_12.jpg\" alt=\"Stefan Zimkeit ist Mitglied des Landtags von Nordrhein-Westfalen und finanzpolitischer Sprecher der SPD-Landtagsfraktion\" width=\"140\" height=\"169\" \/><\/a><p id=\"caption-attachment-1707\" class=\"wp-caption-text\">Stefan Zimkeit ist Mitglied des Landtags von Nordrhein-Westfalen und finanzpolitischer Sprecher der SPD-Landtagsfraktion<\/p><\/div>\n<p>Die SPD-Landtagsfraktion hat in ihrer heutigen Sitzung Stefan Zimkeit zum neuen finanzpolitischen Sprecher gew\u00e4hlt. Der Abgeordnete, der den Wahlkreis Sterkrade \/ Dinslaken vertritt, folgt Martin B\u00f6rschel (K\u00f6ln) nach, der von seinem Amt zum Jahresende zur\u00fcckgetreten war. Nach seiner Wahl erkl\u00e4rte Stefan Zimkeit:<!--more--><\/p>\n<p>&#8222;Die SPD-Fraktion wird den Dreiklang ihrer erfolgreichen Finanzpolitik fortsetzen: Einsparen, ohne Strukturen zu zerschlagen, f\u00fcr zus\u00e4tzliche Einnahmen sorgen und vorsorgend in die Zukunft investieren. Ein Schwerpunkt meiner Arbeit wird der Einsatz f\u00fcr eine gerechte Behandlung von NRW beim Finanzausgleich sein. Der Umsatzsteuer- und L\u00e4nderfinanzausgleich f\u00fchrt bisher dazu, dass viel von dem hier Erwirtschafteten in andere L\u00e4nder flie\u00dft. Damit muss sp\u00e4testens 2019 Schluss sein.&#8220;<\/p>\n<p>Neue stellvertretende finanzpolitische Sprecherin ist k\u00fcnftig die Gelsenkirchener Abgeordnete Heike Gebhard. Sie ist damit Nachfolgerin von Stefan Zimkeit, der bisher diese Funktion aus\u00fcbte.<\/p>\n","protected":false},"excerpt":{"rendered":"<p>Die SPD-Landtagsfraktion hat in ihrer heutigen Sitzung Stefan Zimkeit zum neuen finanzpolitischen Sprecher gew\u00e4hlt. Der Abgeordnete, der den Wahlkreis Sterkrade \/ Dinslaken vertritt, folgt Martin B\u00f6rschel (K\u00f6ln) nach, der von&hellip; <\/p>\n","protected":false},"author":1,"featured_media":0,"comment_status":"closed","ping_status":"closed","sticky":false,"template":"","format":"standard","meta":{"footnotes":""},"categories":[216],"tags":[275,274,267,273],"quellen":[331],"class_list":["post-2347","post","type-post","status-publish","format-standard","hentry","category-land","tag-finanzpolitik","tag-finanzpolitischer-sprecher-spd-landtagsfraktion","tag-laenderfinanzausgleich","tag-spd-landtagsfraktion-nrw","quellen-mdl-stefan-zimkeit"],"_links":{"self":[{"href":"https:\/\/meier-gerdingh.de\/wp-spd-ob\/wp-json\/wp\/v2\/posts\/2347","targetHints":{"allow":["GET"]}}],"collection":[{"href":"https:\/\/meier-gerdingh.de\/wp-spd-ob\/wp-json\/wp\/v2\/posts"}],"about":[{"href":"https:\/\/meier-gerdingh.de\/wp-spd-ob\/wp-json\/wp\/v2\/types\/post"}],"author":[{"embeddable":true,"href":"https:\/\/meier-gerdingh.de\/wp-spd-ob\/wp-json\/wp\/v2\/users\/1"}],"replies":[{"embeddable":true,"href":"https:\/\/meier-gerdingh.de\/wp-spd-ob\/wp-json\/wp\/v2\/comments?post=2347"}],"version-history":[{"count":0,"href":"https:\/\/meier-gerdingh.de\/wp-spd-ob\/wp-json\/wp\/v2\/posts\/2347\/revisions"}],"wp:attachment":[{"href":"https:\/\/meier-gerdingh.de\/wp-spd-ob\/wp-json\/wp\/v2\/media?parent=2347"}],"wp:term":[{"taxonomy":"category","embeddable":true,"href":"https:\/\/meier-gerdingh.de\/wp-spd-ob\/wp-json\/wp\/v2\/categories?post=2347"},{"taxonomy":"post_tag","embeddable":true,"href":"https:\/\/meier-gerdingh.de\/wp-spd-ob\/wp-json\/wp\/v2\/tags?post=2347"},{"taxonomy":"quellen","embeddable":true,"href":"https:\/\/meier-gerdingh.de\/wp-spd-ob\/wp-json\/wp\/v2\/quellen?post=2347"}],"curies":[{"name":"wp","href":"https:\/\/api.w.org\/{rel}","templated":true}]}}