{"id":2348,"date":"2015-01-21T14:17:06","date_gmt":"2015-01-21T12:17:06","guid":{"rendered":"http:\/\/www.meier-gerdingh.de\/spd-oberhausen\/wp\/?p=2348"},"modified":"2017-01-03T16:19:07","modified_gmt":"2017-01-03T15:19:07","slug":"spd-umweltpolitiker-diskutieren-brandheisse-themen-bei-der-feuerwehr","status":"publish","type":"post","link":"https:\/\/meier-gerdingh.de\/wp-spd-ob\/2015\/01\/21\/spd-umweltpolitiker-diskutieren-brandheisse-themen-bei-der-feuerwehr\/","title":{"rendered":"SPD-Umweltpolitiker diskutieren brandhei\u00dfe Themen bei der Feuerwehr"},"content":{"rendered":"<div id=\"attachment_2329\" style=\"width: 610px\" class=\"wp-caption aligncenter\"><a href=\"http:\/\/meier-gerdingh.de\/wp-spd-ob\/wp-content\/uploads\/klausur_ak_umwelt_2015.jpg\"><img aria-describedby=\"caption-attachment-2329\" decoding=\"async\" class=\"size-full wp-image-2329\" src=\"http:\/\/meier-gerdingh.de\/wp-spd-ob\/wp-content\/uploads\/klausur_ak_umwelt_2015.jpg\" alt=\"Trafen sich zur Tagesklausur bei der Feuerwehr: Die Mitglieder des AK Umwelt der SPD-Ratsfraktion\" width=\"600\" height=\"392\" srcset=\"https:\/\/meier-gerdingh.de\/wp-spd-ob\/wp-content\/uploads\/klausur_ak_umwelt_2015.jpg 600w, https:\/\/meier-gerdingh.de\/wp-spd-ob\/wp-content\/uploads\/klausur_ak_umwelt_2015-300x196.jpg 300w, https:\/\/meier-gerdingh.de\/wp-spd-ob\/wp-content\/uploads\/klausur_ak_umwelt_2015-150x98.jpg 150w\" sizes=\"(max-width: 600px) 100vw, 600px\" \/><\/a><p id=\"caption-attachment-2329\" class=\"wp-caption-text\">Trafen sich zur Tagesklausur bei der Feuerwehr: Die Mitglieder des AK Umwelt der SPD-Ratsfraktion<\/p><\/div>\n<p>Brandhei\u00dfe Themen diskutierten die Mitglieder des Arbeitskreises Umwelt &#8211; der auch mit den Bereichen Sicherheit und Ordnung betraut ist &#8211; der SPD-Fraktion ruhig und besonnen auf einer Tagesklausur bei der Oberhausener Feuerwehr. Neben der technischen Ausstattung der Brandsch\u00fctzer stand auch die personelle Ausstattung des kommunalen Ordnungsdienstes auf der Agenda. Letzterer sieht sich gerade in den letzten Jahren immer weiter wachsenden Aufgaben gegen\u00fcber, um den berechtigten W\u00fcnschen der B\u00fcrger nach Sicherheit und Ordnung nachzukommen. Dies muss sich nach dem Wunsch der Sozialdemokraten mittelfristig auch in der personellen Ausstattung des Bereiches widerspiegeln.<!--more--><\/p>\n<p>Aus dem Bereich Umwelt wurden den Mitgliedern des Arbeitskreises erste \u00dcberlegungen zur Fortschreibung des Oberhausener Abfallwirtschaftsplanes pr\u00e4sentiert. Insbesondere der Anteil des Biom\u00fclls, der k\u00fcnftig \u00fcber eine Biotonne gesammelt werden soll, m\u00fcsse in Oberhausen deutlich gesteigert werden.<\/p>\n<p>&#8222;Wir wollen ein System der Biotonne, das es den B\u00fcrgerinnen und B\u00fcrgern m\u00f6glichst einfach macht, den Biom\u00fcll zu trennen. Hierf\u00fcr muss es auch finanzielle Anreize geben&#8220;, so Manfred Flore, umweltpolitischer Sprecher der SPD-Fraktion. &#8222;Eine sofortige fl\u00e4chendeckende Einf\u00fchrung der Biotonne halten wir hingegen f\u00fcr nicht praktikabel.&#8220;<\/p>\n","protected":false},"excerpt":{"rendered":"<p>Brandhei\u00dfe Themen diskutierten die Mitglieder des Arbeitskreises Umwelt &#8211; der auch mit den Bereichen Sicherheit und Ordnung betraut ist &#8211; der SPD-Fraktion ruhig und besonnen auf einer Tagesklausur bei der&hellip; <\/p>\n","protected":false},"author":1,"featured_media":0,"comment_status":"closed","ping_status":"closed","sticky":false,"template":"","format":"standard","meta":{"footnotes":""},"categories":[7,29],"tags":[279,280,276,281,282,278,277],"quellen":[326],"class_list":["post-2348","post","type-post","status-publish","format-standard","hentry","category-sicherheit","category-umwelt","tag-abfallwirtschaft","tag-abfallwirtschaftsplan","tag-ak-umwelt","tag-biomuell","tag-biotonne","tag-feuerwehr","tag-kommunaler-ordnungsdienst","quellen-spd-fraktion-oberhausen"],"_links":{"self":[{"href":"https:\/\/meier-gerdingh.de\/wp-spd-ob\/wp-json\/wp\/v2\/posts\/2348","targetHints":{"allow":["GET"]}}],"collection":[{"href":"https:\/\/meier-gerdingh.de\/wp-spd-ob\/wp-json\/wp\/v2\/posts"}],"about":[{"href":"https:\/\/meier-gerdingh.de\/wp-spd-ob\/wp-json\/wp\/v2\/types\/post"}],"author":[{"embeddable":true,"href":"https:\/\/meier-gerdingh.de\/wp-spd-ob\/wp-json\/wp\/v2\/users\/1"}],"replies":[{"embeddable":true,"href":"https:\/\/meier-gerdingh.de\/wp-spd-ob\/wp-json\/wp\/v2\/comments?post=2348"}],"version-history":[{"count":0,"href":"https:\/\/meier-gerdingh.de\/wp-spd-ob\/wp-json\/wp\/v2\/posts\/2348\/revisions"}],"wp:attachment":[{"href":"https:\/\/meier-gerdingh.de\/wp-spd-ob\/wp-json\/wp\/v2\/media?parent=2348"}],"wp:term":[{"taxonomy":"category","embeddable":true,"href":"https:\/\/meier-gerdingh.de\/wp-spd-ob\/wp-json\/wp\/v2\/categories?post=2348"},{"taxonomy":"post_tag","embeddable":true,"href":"https:\/\/meier-gerdingh.de\/wp-spd-ob\/wp-json\/wp\/v2\/tags?post=2348"},{"taxonomy":"quellen","embeddable":true,"href":"https:\/\/meier-gerdingh.de\/wp-spd-ob\/wp-json\/wp\/v2\/quellen?post=2348"}],"curies":[{"name":"wp","href":"https:\/\/api.w.org\/{rel}","templated":true}]}}